{"id":9997,"date":"2025-08-19T16:36:59","date_gmt":"2025-08-19T14:36:59","guid":{"rendered":"https:\/\/deaf24.com\/?p=9997"},"modified":"2025-08-19T16:46:31","modified_gmt":"2025-08-19T14:46:31","slug":"un-starbucks-en-langue-des-signes-ouvre-a-washington","status":"publish","type":"post","link":"https:\/\/deaf24.com\/fr\/un-starbucks-en-langue-des-signes-ouvre-a-washington\/","title":{"rendered":"Un Starbucks en langue des signes ouvre \u00e0 Washington"},"content":{"rendered":"\n<p>\u00c0 premi\u00e8re vue, ce Starbucks ressemble aux autres : un comptoir moderne, de grands gobelets en carton pour les boissons chaudes, et des p\u00e2tisseries soigneusement pr\u00e9sent\u00e9es. Les jeunes employ\u00e9s, v\u00eatus de chemises noires et du traditionnel tablier vert de la cha\u00eene, pr\u00e9parent les commandes avec professionnalisme.<\/p>\n\n\n\n<!--more-->\n\n\n\n<p>Cependant, l\u2019atmosph\u00e8re est particuli\u00e8re : calme et d\u00e9tendue, car les conversations et les commandes se font principalement en ASL. Sur les tables et au comptoir, les gestes remplacent les mots parl\u00e9s, rendant le caf\u00e9 accueillant et inclusif pour les clients sourds. Pour beaucoup, c\u2019est un vrai soulagement par rapport aux caf\u00e9s classiques o\u00f9 il faut deviner, montrer sur un t\u00e9l\u00e9phone ou esp\u00e9rer que le personnel entend et comprend correctement.<\/p>\n\n\n\n<p>Rebecca Witzofsky, 20 ans, \u00e9tudiante \u00e0 l\u2019universit\u00e9 Gallaudet, et son ami Nikolas Carapellatti, 22 ans, faisaient partie des premiers clients \u00e0 d\u00e9couvrir ce Starbucks. \u201cCela offre aux personnes sourdes un endroit en dehors du campus pour socialiser et manger,\u201d explique Rebecca. Elle pr\u00e9cise qu\u2019ici, lorsqu\u2019une commande est pr\u00eate, le nom du client appara\u00eet sur un \u00e9cran, \u00e9vitant ainsi toute difficult\u00e9 de communication orale.<\/p>\n\n\n\n<p>&nbsp;<\/p>\n\n\n\n<figure class=\"wp-block-embed is-type-rich is-provider-prise-en-charge-des-contenus-embarqu-s wp-block-embed-prise-en-charge-des-contenus-embarqu-s wp-embed-aspect-16-9 wp-has-aspect-ratio\"><div class=\"wp-block-embed__wrapper\">\n<iframe title=\"Starbucks Opens First Sign Language Store For Deaf and Hearing Impaired Customers\" width=\"1170\" height=\"658\" src=\"https:\/\/www.youtube.com\/embed\/HCnPNAO797I?feature=oembed\" frameborder=\"0\" allow=\"accelerometer; autoplay; clipboard-write; encrypted-media; gyroscope; picture-in-picture; web-share\" referrerpolicy=\"strict-origin-when-cross-origin\" allowfullscreen><\/iframe>\n<\/div><\/figure>\n\n\n\n<p>&nbsp;<\/p>\n\n\n\n<h2 class=\"wp-block-heading\">Inspir\u00e9 d\u2019un mod\u00e8le malaisien<\/h2>\n\n\n\n<p>Ce concept est directement inspir\u00e9 d\u2019un Starbucks lanc\u00e9 \u00e0 Kuala Lumpur, en Malaisie, en 2016. L\u2019id\u00e9e \u00e9tait de cr\u00e9er un lieu inclusif o\u00f9 les personnes sourdes pourraient se sentir pleinement int\u00e9gr\u00e9es sans avoir \u00e0 se battre pour \u00eatre comprises. \u00c0 Washington, le caf\u00e9 reproduit ce mod\u00e8le avec des d\u00e9tails adapt\u00e9s \u00e0 la culture locale.<\/p>\n\n\n\n<p>Une ardoise indique chaque semaine un \u201csigne de la semaine\u201d pour apprendre de nouveaux mots en ASL. Actuellement, le signe pour \u201ccaf\u00e9\u201d est illustr\u00e9 par deux poings ferm\u00e9s l\u2019un sur l\u2019autre avec un mouvement de rotation. Le caf\u00e9 propose \u00e9galement \u00e0 la vente de grandes tasses cr\u00e9\u00e9es par une artiste sourde et une version en langue des signes du logo de Starbucks.<\/p>\n\n\n\n<p>&nbsp;<\/p>\n\n\n\n<h2 class=\"wp-block-heading\">Une opportunit\u00e9 pour tous<\/h2>\n\n\n\n<p>Le Starbucks de Washington ne profite pas uniquement aux clients sourds. Albert et Peggy Hlibok, un couple de retrait\u00e9s entendants, appr\u00e9cient de pouvoir interagir avec des personnes sourdes dans un cadre naturel. \u201cC\u2019est une opportunit\u00e9 formidable pour tout le monde,\u201d confie Mme Hlibok avec l\u2019aide d\u2019un interpr\u00e8te. \u201cCela montre que communiquer avec des personnes sourdes n\u2019est pas difficile. Cela fait partie de la diversit\u00e9 de la vie.\u201d<\/p>\n\n\n\n<p>Ce caf\u00e9 d\u00e9montre que l\u2019inclusion n\u2019est pas seulement b\u00e9n\u00e9fique pour les sourds, mais qu\u2019elle enrichit \u00e9galement l\u2019exp\u00e9rience des entendants. Il sensibilise le public \u00e0 la langue des signes et encourage l\u2019apprentissage et la tol\u00e9rance dans la vie quotidienne.<\/p>\n\n\n\n<p>&nbsp;<\/p>\n\n\n\n<h2 class=\"wp-block-heading\">Un contexte d\u2019inclusion et de sensibilisation<\/h2>\n\n\n\n<p>La d\u00e9marche de Starbucks intervient apr\u00e8s plusieurs incidents m\u00e9diatis\u00e9s. L\u2019enseigne avait notamment \u00e9t\u00e9 critiqu\u00e9e pour l\u2019arrestation de deux hommes noirs dans un de ses caf\u00e9s de Philadelphie et pour les moqueries d\u2019un employ\u00e9 envers un client b\u00e8gue. Ces \u00e9v\u00e9nements ont conduit la cha\u00eene \u00e0 former ses employ\u00e9s sur la diversit\u00e9 et l\u2019inclusion, et \u00e0 renforcer sa communication sur le respect et l\u2019\u00e9galit\u00e9.<\/p>\n\n\n\n<p>Aux \u00c9tats-Unis, et \u00e9galement en France, des initiatives similaires voient le jour. Par exemple, le restaurant-bar <em>L\u2019oreille cass\u00e9e<\/em> \u00e0 Toulouse, ouvert le 7 ao\u00fbt 2018, est g\u00e9r\u00e9 par deux personnes sourdes. Dans cet \u00e9tablissement, la communication se fait enti\u00e8rement avec les mains, et les clients n\u2019ont pas besoin de parler pour commander des tapas. Ces lieux d\u00e9montrent qu\u2019il est possible de cr\u00e9er des espaces conviviaux et accessibles, o\u00f9 les barri\u00e8res de communication sont lev\u00e9es.<\/p>\n\n\n\n<p>&nbsp;<\/p>\n\n\n\n<h2 class=\"wp-block-heading\">Conclusion<\/h2>\n\n\n\n<p>L\u2019ouverture de ce Starbucks en langue des signes marque un pas important vers l\u2019inclusion des personnes sourdes et malentendantes dans la vie quotidienne. En combinant accessibilit\u00e9, convivialit\u00e9 et sensibilisation du grand public, ce caf\u00e9 propose un mod\u00e8le qui pourrait inspirer d\u2019autres villes et pays. Les initiatives de ce type contribuent \u00e0 une soci\u00e9t\u00e9 plus ouverte, o\u00f9 la diversit\u00e9 et la communication pour tous deviennent des priorit\u00e9s.<\/p>\n\n\n\n<p class=\"has-small-font-size\"><em>\u00a9 Capture d&rsquo;\u00e9cran YouTube<\/em><\/p>\n","protected":false},"excerpt":{"rendered":"<p>\u00c0 premi\u00e8re vue, ce Starbucks ressemble aux autres : un comptoir moderne, de grands gobelets en carton pour les boissons chaudes, et&hellip;<\/p>\n","protected":false},"author":1,"featured_media":10006,"comment_status":"closed","ping_status":"open","sticky":false,"template":"","format":"standard","meta":{"_lmt_disableupdate":"","_lmt_disable":"","_price":"","_stock":"","_tribe_ticket_header":"","_tribe_default_ticket_provider":"","_tribe_ticket_capacity":"0","_ticket_start_date":"","_ticket_end_date":"","_tribe_ticket_show_description":"","_tribe_ticket_show_not_going":false,"_tribe_ticket_use_global_stock":"","_tribe_ticket_global_stock_level":"","_global_stock_mode":"","_global_stock_cap":"","_tribe_rsvp_for_event":"","_tribe_ticket_going_count":"","_tribe_ticket_not_going_count":"","_tribe_tickets_list":"[]","_tribe_ticket_has_attendee_info_fields":false,"_EventAllDay":false,"_EventTimezone":"","_EventStartDate":"","_EventEndDate":"","_EventStartDateUTC":"","_EventEndDateUTC":"","_EventShowMap":false,"_EventShowMapLink":false,"_EventURL":"","_EventCost":"","_EventCostDescription":"","_EventCurrencySymbol":"","_EventCurrencyCode":"","_EventCurrencyPosition":"","_EventDateTimeSeparator":"","_EventTimeRangeSeparator":"","_EventOrganizerID":[],"_EventVenueID":[],"_OrganizerEmail":"","_OrganizerPhone":"","_OrganizerWebsite":"","_VenueAddress":"","_VenueCity":"","_VenueCountry":"","_VenueProvince":"","_VenueState":"","_VenueZip":"","_VenuePhone":"","_VenueURL":"","_VenueStateProvince":"","_VenueLat":"","_VenueLng":"","_VenueShowMap":false,"_VenueShowMapLink":false,"footnotes":""},"categories":[258],"tags":[],"class_list":["post-9997","post","type-post","status-publish","format-standard","has-post-thumbnail","hentry","category-langue-des-signes"],"_links":{"self":[{"href":"https:\/\/deaf24.com\/fr\/wp-json\/wp\/v2\/posts\/9997","targetHints":{"allow":["GET"]}}],"collection":[{"href":"https:\/\/deaf24.com\/fr\/wp-json\/wp\/v2\/posts"}],"about":[{"href":"https:\/\/deaf24.com\/fr\/wp-json\/wp\/v2\/types\/post"}],"author":[{"embeddable":true,"href":"https:\/\/deaf24.com\/fr\/wp-json\/wp\/v2\/users\/1"}],"replies":[{"embeddable":true,"href":"https:\/\/deaf24.com\/fr\/wp-json\/wp\/v2\/comments?post=9997"}],"version-history":[{"count":3,"href":"https:\/\/deaf24.com\/fr\/wp-json\/wp\/v2\/posts\/9997\/revisions"}],"predecessor-version":[{"id":10010,"href":"https:\/\/deaf24.com\/fr\/wp-json\/wp\/v2\/posts\/9997\/revisions\/10010"}],"wp:featuredmedia":[{"embeddable":true,"href":"https:\/\/deaf24.com\/fr\/wp-json\/wp\/v2\/media\/10006"}],"wp:attachment":[{"href":"https:\/\/deaf24.com\/fr\/wp-json\/wp\/v2\/media?parent=9997"}],"wp:term":[{"taxonomy":"category","embeddable":true,"href":"https:\/\/deaf24.com\/fr\/wp-json\/wp\/v2\/categories?post=9997"},{"taxonomy":"post_tag","embeddable":true,"href":"https:\/\/deaf24.com\/fr\/wp-json\/wp\/v2\/tags?post=9997"}],"curies":[{"name":"wp","href":"https:\/\/api.w.org\/{rel}","templated":true}]}}