{"id":8162,"date":"2025-06-07T08:58:16","date_gmt":"2025-06-07T06:58:16","guid":{"rendered":"https:\/\/deaf24.com\/israel-erkennt-die-gebardensprache-an-ein-meilenstein-fur-die-community\/"},"modified":"2025-06-07T09:31:06","modified_gmt":"2025-06-07T07:31:06","slug":"israel-erkennt-die-gebardensprache-an-ein-meilenstein-fur-die-community","status":"publish","type":"post","link":"https:\/\/deaf24.com\/fr\/israel-erkennt-die-gebardensprache-an-ein-meilenstein-fur-die-community\/","title":{"rendered":"Reconnaissance de la langue des signes isra\u00e9lienne"},"content":{"rendered":"\n<p>La cr\u00e9ation d\u2019un d\u00e9partement officiel consacr\u00e9 \u00e0 la langue des signes isra\u00e9lienne (ISL) par l\u2019Acad\u00e9mie de la langue h\u00e9bra\u00efque marque un tournant historique. Longtemps rel\u00e9gu\u00e9e \u00e0 un usage informel, cette langue visuelle, utilis\u00e9e par environ 10 000 \u00e0 20 000 personnes en Isra\u00ebl, gagne en reconnaissance et en l\u00e9gitimit\u00e9. Pour la communaut\u00e9 sourde, souvent marginalis\u00e9e, il s\u2019agit d\u2019une avanc\u00e9e essentielle vers l\u2019\u00e9galit\u00e9 linguistique et culturelle. Ce texte propose une analyse approfondie de cette initiative, de son impact et des d\u00e9fis \u00e0 venir, avec une approche simple, claire et accessible \u00e0 la communaut\u00e9 sourde et malentendante.<\/p>\n\n\n\n<!--more-->\n\n\n\n<h2 class=\"wp-block-heading\">Une langue en construction : un besoin de codification<\/h2>\n\n\n\n<p>La langue des signes isra\u00e9lienne est relativement jeune. Elle est n\u00e9e dans les ann\u00e9es 1930, lorsque des enseignants sourds de Berlin ont immigr\u00e9 en Isra\u00ebl. Depuis, elle a \u00e9volu\u00e9 de mani\u00e8re ind\u00e9pendante, influenc\u00e9e par des migrants venus d\u2019Europe, du bassin m\u00e9diterran\u00e9en et du monde arabe. Cependant, en l&rsquo;absence d\u2019un cadre officiel, de nombreux signes restaient inexistants ou variaient selon les r\u00e9gions. \u00c0 Tel Aviv, Ha\u00effa ou J\u00e9rusalem, le m\u00eame mot pouvait \u00eatre sign\u00e9 diff\u00e9remment.<\/p>\n\n\n\n<p>C\u2019est pour combler ce vide qu\u2019un d\u00e9partement d\u00e9di\u00e9 \u00e0 l\u2019ISL a vu le jour en 2022 au sein de l\u2019Acad\u00e9mie de la langue h\u00e9bra\u00efque. Son r\u00f4le : normaliser la langue, cr\u00e9er des signes pour des concepts nouveaux ou complexes, et servir de r\u00e9f\u00e9rence officielle. Son directeur, Doron Levy, lui-m\u00eame sourd et chercheur en linguistique, y joue un r\u00f4le central.<\/p>\n\n\n\n<p>&nbsp;<\/p>\n\n\n\n<h2 class=\"wp-block-heading\">Des mus\u00e9es aux \u00e9coles : une langue qui s\u2019ouvre \u00e0 tous les domaines<\/h2>\n\n\n\n<p>Un exemple concret de ce travail est celui du Mus\u00e9e de la Tour de David \u00e0 J\u00e9rusalem. Lorsqu\u2019il a voulu rendre ses expositions accessibles aux visiteurs sourds, un probl\u00e8me est apparu : de nombreux termes historiques comme \u00ab p\u00e9riode byzantine \u00bb ou \u00ab Hasmon\u00e9ens \u00bb n\u2019avaient pas de signes d\u00e9finis. L\u2019Acad\u00e9mie a alors consult\u00e9 historiens, arch\u00e9ologues et membres de la communaut\u00e9 sourde pour cr\u00e9er des signes adapt\u00e9s. Par exemple, le signe pour \u00ab p\u00e8lerin chr\u00e9tien \u00bb associe une croix \u00e0 une marche simul\u00e9e avec un b\u00e2ton, et le mot \u00ab Hasmon\u00e9ens \u00bb est repr\u00e9sent\u00e9 par une couronne inspir\u00e9e des pi\u00e8ces de monnaie de l\u2019\u00e9poque.<\/p>\n\n\n\n<p>Ce travail ne concerne pas seulement les mus\u00e9es. Il touche aussi les \u00e9coles, les institutions publiques, les militaires sourds, et m\u00eame la Knesset (Parlement isra\u00e9lien), o\u00f9 la d\u00e9put\u00e9e sourde Shirly Pinto a prononc\u00e9 un discours historique en ISL en 2021.<\/p>\n\n\n\n<p>&nbsp;<\/p>\n\n\n\n<h2 class=\"wp-block-heading\">Une langue locale, mais universellement pr\u00e9cieuse<\/h2>\n\n\n\n<p>Contrairement \u00e0 une id\u00e9e re\u00e7ue, il n\u2019existe pas de langue des signes universelle. On compte environ 300 langues des signes dans le monde, chacune ancr\u00e9e dans sa culture. L\u2019ISL est donc unique, tout comme la langue des signes fran\u00e7aise (LSF), am\u00e9ricaine (ASL) ou japonaise (JSL). Par exemple, le signe pour \u00ab manger \u00bb varie : en ISL, on mime porter quelque chose \u00e0 la bouche ; en JSL, on imite l\u2019usage de baguettes.<\/p>\n\n\n\n<p>En Isra\u00ebl, certaines communaut\u00e9s arabes ont d\u00e9velopp\u00e9 leur propre langue des signes, notamment chez les B\u00e9douins d\u2019Al-Sayyid. Pourtant, de plus en plus de personnes apprennent l\u2019ISL pour mieux communiquer avec l\u2019ext\u00e9rieur, favorisant l\u2019int\u00e9gration et l\u2019\u00e9galit\u00e9 des chances.<\/p>\n\n\n\n<p>&nbsp;<\/p>\n\n\n\n<h3 class=\"wp-block-heading\">Un combat pour la reconnaissance officielle<\/h3>\n\n\n\n<p>Malgr\u00e9 ces avanc\u00e9es, l\u2019ISL n\u2019a toujours pas de statut de langue officielle en Isra\u00ebl. Elle est prot\u00e9g\u00e9e par la loi sur les droits des personnes handicap\u00e9es de 1998, mais reste absente de la Constitution. Pour Doron Levy et d&rsquo;autres militants, l\u2019int\u00e9gration de la langue des signes dans l\u2019Acad\u00e9mie de la langue h\u00e9bra\u00efque est un premier pas vers cette reconnaissance. C\u2019est une mani\u00e8re de dire clairement : la langue des signes est une langue \u00e0 part enti\u00e8re, digne de respect, de d\u00e9veloppement et de soutien institutionnel.<\/p>\n\n\n\n<p>&nbsp;<\/p>\n\n\n\n<h3 class=\"wp-block-heading\">Sensibilisation, formation et outils num\u00e9riques<\/h3>\n\n\n\n<p>Parmi les projets de l\u2019Acad\u00e9mie figurent \u00e9galement la cr\u00e9ation d\u2019un dictionnaire bilingue en ligne (ISL-h\u00e9breu), l\u2019\u00e9laboration de supports p\u00e9dagogiques, et des formations pour les interpr\u00e8tes et enseignants. Il s\u2019agit d\u2019outils indispensables pour faire progresser l\u2019accessibilit\u00e9. Il reste cependant beaucoup \u00e0 faire pour convaincre les institutions et les familles de l&rsquo;importance d\u2019apprendre la langue des signes d\u00e8s le plus jeune \u00e2ge. De nombreux parents d\u2019enfants sourds, mal inform\u00e9s, pr\u00e9f\u00e8rent encore miser uniquement sur la lecture labiale ou les implants cochl\u00e9aires, au d\u00e9triment d\u2019une communication naturelle et fluide.<\/p>\n\n\n\n<p>&nbsp;<\/p>\n\n\n\n<h3 class=\"wp-block-heading\">Conclusion : un pas vers une soci\u00e9t\u00e9 plus inclusive<\/h3>\n\n\n\n<p>La reconnaissance croissante de la langue des signes isra\u00e9lienne est un signe fort. Elle symbolise un changement de regard sur les personnes sourdes et malentendantes, et sur leur droit \u00e0 une pleine participation \u00e0 la vie sociale, culturelle et politique. Si des obstacles subsistent \u2013 notamment l\u2019absence de statut officiel et les pr\u00e9jug\u00e9s persistants \u2013 le travail de l\u2019Acad\u00e9mie, soutenu par des chercheurs, des militants et des institutions, ouvre une voie prometteuse.<\/p>\n\n\n\n<p>Pour les communaut\u00e9s sourdes en Isra\u00ebl et ailleurs, cette reconnaissance est une victoire symbolique et pratique. Elle rappelle que chaque langue, qu\u2019elle soit parl\u00e9e ou sign\u00e9e, m\u00e9rite d\u2019\u00eatre prot\u00e9g\u00e9e, valoris\u00e9e et transmise aux g\u00e9n\u00e9rations futures.<\/p>\n\n\n\n<p>&nbsp;<\/p>\n\n\n\n<p><strong>Conseils pratiques pour les malentendants et les familles :<\/strong><\/p>\n\n\n\n<ul class=\"wp-block-list\">\n<li>Apprendre la langue des signes le plus t\u00f4t possible, d\u00e8s l\u2019enfance.<\/li>\n\n\n\n<li>Rechercher des \u00e9coles inclusives qui utilisent l\u2019ISL.<\/li>\n\n\n\n<li>Participer \u00e0 des \u00e9v\u00e9nements communautaires pour pratiquer la langue.<\/li>\n\n\n\n<li>Utiliser des ressources num\u00e9riques fiables comme les dictionnaires en ligne.<\/li>\n\n\n\n<li>Sensibiliser l\u2019entourage \u00e0 l\u2019importance de la langue des signes dans l\u2019identit\u00e9 sourde.<\/li>\n<\/ul>\n\n\n\n<p>Si vous souhaitez une version simplifi\u00e9e ou en langue des signes fran\u00e7aise, je peux aussi l\u2019adapter.<\/p>\n","protected":false},"excerpt":{"rendered":"<p>La cr\u00e9ation d\u2019un d\u00e9partement officiel consacr\u00e9 \u00e0 la langue des signes isra\u00e9lienne (ISL) par l\u2019Acad\u00e9mie de la langue h\u00e9bra\u00efque marque un tournant&hellip;<\/p>\n","protected":false},"author":1,"featured_media":8167,"comment_status":"closed","ping_status":"open","sticky":false,"template":"","format":"standard","meta":{"_lmt_disableupdate":"","_lmt_disable":"","_price":"","_stock":"","_tribe_ticket_header":"","_tribe_default_ticket_provider":"","_tribe_ticket_capacity":"0","_ticket_start_date":"","_ticket_end_date":"","_tribe_ticket_show_description":"","_tribe_ticket_show_not_going":false,"_tribe_ticket_use_global_stock":"","_tribe_ticket_global_stock_level":"","_global_stock_mode":"","_global_stock_cap":"","_tribe_rsvp_for_event":"","_tribe_ticket_going_count":"","_tribe_ticket_not_going_count":"","_tribe_tickets_list":"[]","_tribe_ticket_has_attendee_info_fields":false,"_EventAllDay":false,"_EventTimezone":"","_EventStartDate":"","_EventEndDate":"","_EventStartDateUTC":"","_EventEndDateUTC":"","_EventShowMap":false,"_EventShowMapLink":false,"_EventURL":"","_EventCost":"","_EventCostDescription":"","_EventCurrencySymbol":"","_EventCurrencyCode":"","_EventCurrencyPosition":"","_EventDateTimeSeparator":"","_EventTimeRangeSeparator":"","_EventOrganizerID":[],"_EventVenueID":[],"_OrganizerEmail":"","_OrganizerPhone":"","_OrganizerWebsite":"","_VenueAddress":"","_VenueCity":"","_VenueCountry":"","_VenueProvince":"","_VenueState":"","_VenueZip":"","_VenuePhone":"","_VenueURL":"","_VenueStateProvince":"","_VenueLat":"","_VenueLng":"","_VenueShowMap":false,"_VenueShowMapLink":false,"footnotes":""},"categories":[258],"tags":[],"class_list":["post-8162","post","type-post","status-publish","format-standard","has-post-thumbnail","hentry","category-langue-des-signes"],"_links":{"self":[{"href":"https:\/\/deaf24.com\/fr\/wp-json\/wp\/v2\/posts\/8162","targetHints":{"allow":["GET"]}}],"collection":[{"href":"https:\/\/deaf24.com\/fr\/wp-json\/wp\/v2\/posts"}],"about":[{"href":"https:\/\/deaf24.com\/fr\/wp-json\/wp\/v2\/types\/post"}],"author":[{"embeddable":true,"href":"https:\/\/deaf24.com\/fr\/wp-json\/wp\/v2\/users\/1"}],"replies":[{"embeddable":true,"href":"https:\/\/deaf24.com\/fr\/wp-json\/wp\/v2\/comments?post=8162"}],"version-history":[{"count":0,"href":"https:\/\/deaf24.com\/fr\/wp-json\/wp\/v2\/posts\/8162\/revisions"}],"wp:featuredmedia":[{"embeddable":true,"href":"https:\/\/deaf24.com\/fr\/wp-json\/wp\/v2\/media\/8167"}],"wp:attachment":[{"href":"https:\/\/deaf24.com\/fr\/wp-json\/wp\/v2\/media?parent=8162"}],"wp:term":[{"taxonomy":"category","embeddable":true,"href":"https:\/\/deaf24.com\/fr\/wp-json\/wp\/v2\/categories?post=8162"},{"taxonomy":"post_tag","embeddable":true,"href":"https:\/\/deaf24.com\/fr\/wp-json\/wp\/v2\/tags?post=8162"}],"curies":[{"name":"wp","href":"https:\/\/api.w.org\/{rel}","templated":true}]}}