{"id":7905,"date":"2025-05-25T09:43:43","date_gmt":"2025-05-25T07:43:43","guid":{"rendered":"https:\/\/deaf24.com\/dolmetscher-unter-verdacht-ueber-1-mio-euro-schaden\/"},"modified":"2025-05-25T19:34:53","modified_gmt":"2025-05-25T17:34:53","slug":"interprete-en-langue-des-signes-soupconne-de-fraude-plus-dun-million-deuros-de-dommages","status":"publish","type":"post","link":"https:\/\/deaf24.com\/fr\/interprete-en-langue-des-signes-soupconne-de-fraude-plus-dun-million-deuros-de-dommages\/","title":{"rendered":"Interpr\u00e8te en langue des signes soup\u00e7onn\u00e9 de fraude : plus d\u2019un million d\u2019euros de dommages"},"content":{"rendered":"\n<p>Le jeudi 22 mai 2025, la police du Land de Hesse a perquisitionn\u00e9 le domicile d\u2019un interpr\u00e8te en langue des signes \u00e2g\u00e9 de 57 ans. Il est soup\u00e7onn\u00e9 d\u2019avoir <strong>escroqu\u00e9 des caisses d\u2019assurance maladie pendant plusieurs ann\u00e9es<\/strong>, en facturant de fausses prestations d\u2019interpr\u00e9tation qui <strong>n\u2019ont jamais eu lieu<\/strong>. Le <strong>pr\u00e9judice total est estim\u00e9 \u00e0 plus d\u2019un million d\u2019euros<\/strong>.<\/p>\n\n\n\n<!--more-->\n\n\n\n<p>Cette perquisition s\u2019inscrit dans une <strong>vaste enqu\u00eate criminelle<\/strong> men\u00e9e par deux services sp\u00e9cialis\u00e9s : le <strong>Parquet central pour les infractions \u00e9conomiques dans le domaine m\u00e9dical (ZSMS)<\/strong> bas\u00e9 \u00e0 Fulda et le <strong>Service central de criminalit\u00e9 \u00e9conomique m\u00e9dicale (ZMWK)<\/strong> aupr\u00e8s de la police criminelle du Land de Hesse. Ces deux institutions sont sp\u00e9cialis\u00e9es dans les d\u00e9lits dans le secteur de la sant\u00e9 et coop\u00e8rent \u00e9troitement dans les affaires de grande envergure.<\/p>\n\n\n\n<p>&nbsp;<\/p>\n\n\n\n<h2 class=\"wp-block-heading\">Comment la fraude pr\u00e9sum\u00e9e aurait-elle \u00e9t\u00e9 organis\u00e9e ?<\/h2>\n\n\n\n<p>Selon les premi\u00e8res investigations, l\u2019interpr\u00e8te en langue des signes aurait, depuis 2019, <strong>envoy\u00e9 des milliers de factures \u00e0 diverses caisses d\u2019assurance maladie<\/strong>, alors que les prestations d\u2019interpr\u00e9tation <strong>n\u2019ont jamais \u00e9t\u00e9 effectu\u00e9es<\/strong>. En tout, il s\u2019agirait d\u2019environ <strong>3 500 factures<\/strong>, pour un montant total de <strong>plus d\u2019un million d\u2019euros<\/strong>.<\/p>\n\n\n\n<p>Pour rendre cr\u00e9dibles ces prestations fictives, il aurait <strong>falsifi\u00e9 ou manipul\u00e9 plusieurs documents<\/strong> de mani\u00e8re syst\u00e9matique, notamment :<\/p>\n\n\n\n<ul class=\"wp-block-list\">\n<li>des <strong>tampons de m\u00e9decins<\/strong>, copi\u00e9s ou utilis\u00e9s ill\u00e9galement, pour faire croire qu\u2019il \u00e9tait pr\u00e9sent lors de consultations m\u00e9dicales,<\/li>\n\n\n\n<li>des <strong>attestations de service<\/strong>, cens\u00e9es prouver qu\u2019un interpr\u00e8te a bien \u00e9t\u00e9 requis \u2013 elles auraient \u00e9galement \u00e9t\u00e9 falsifi\u00e9es,<\/li>\n\n\n\n<li>des <strong>signatures de personnes sourdes<\/strong> sur des <strong>d\u00e9clarations de cession<\/strong>, documents par lesquels celles-ci autorisent la caisse d\u2019assurance maladie \u00e0 payer directement l\u2019interpr\u00e8te \u2013 ces signatures auraient \u00e9t\u00e9 <strong>falsifi\u00e9es par l\u2019interpr\u00e8te lui-m\u00eame<\/strong>.<\/li>\n<\/ul>\n\n\n\n<p>Par cette s\u00e9rie de manipulations, il aurait donn\u00e9 l\u2019illusion que les prestations d\u2019interpr\u00e9tation demand\u00e9es avaient r\u00e9ellement \u00e9t\u00e9 r\u00e9alis\u00e9es \u2013 ce qui n\u2019\u00e9tait pas le cas.<\/p>\n\n\n\n<p>&nbsp;<\/p>\n\n\n\n<h2 class=\"wp-block-heading\">Que la police a-t-elle trouv\u00e9 lors de la perquisition ?<\/h2>\n\n\n\n<p>Lors de la perquisition, les enqu\u00eateurs ont saisi <strong>de nombreuses preuves<\/strong> qui renforcent les soup\u00e7ons :<\/p>\n\n\n\n<ul class=\"wp-block-list\">\n<li>des <strong>factures antidat\u00e9es ou contenant de fausses informations<\/strong>,<\/li>\n\n\n\n<li><strong>plusieurs tampons m\u00e9dicaux<\/strong>, sugg\u00e9rant une utilisation frauduleuse \u00e0 grande \u00e9chelle,<\/li>\n\n\n\n<li><strong>plusieurs t\u00e9l\u00e9phones portables<\/strong>, probablement utilis\u00e9s pour organiser les fausses d\u00e9clarations,<\/li>\n\n\n\n<li><strong>environ 2 000 euros en liquide<\/strong>,<\/li>\n\n\n\n<li>ainsi que <strong>des objets de valeur estim\u00e9s \u00e0 environ 40 000 euros<\/strong>.<\/li>\n<\/ul>\n\n\n\n<p>Parmi ces objets de valeur figurent des <strong>pi\u00e8ces en or, des montres de luxe, des reproductions d\u2019art et des sacs \u00e0 main haut de gamme<\/strong>. Ces d\u00e9couvertes pourraient indiquer que l\u2019homme a <strong>per\u00e7u ill\u00e9galement des revenus importants<\/strong> sur une longue p\u00e9riode \u2013 possiblement gr\u00e2ce aux fausses facturations.<\/p>\n\n\n\n<p>&nbsp;<\/p>\n\n\n\n<h3 class=\"wp-block-heading\">Qui m\u00e8ne l\u2019enqu\u00eate ?<\/h3>\n\n\n\n<p>Deux services sp\u00e9cialis\u00e9s dirigent les investigations :<\/p>\n\n\n\n<ol class=\"wp-block-list\">\n<li><strong>Le Parquet central pour les infractions \u00e9conomiques dans le domaine m\u00e9dical (ZSMS)<\/strong> :<br>Ce parquet traite exclusivement les affaires de fraude \u00e0 la facturation, de corruption et de criminalit\u00e9 \u00e9conomique dans le syst\u00e8me de sant\u00e9.<\/li>\n\n\n\n<li><strong>Le Service central de criminalit\u00e9 \u00e9conomique m\u00e9dicale (ZMWK) aupr\u00e8s de la police criminelle du Land de Hesse (LKA Hessen)<\/strong> :<br>Ce service est charg\u00e9 des fraudes dans le domaine m\u00e9dical, y compris chez les m\u00e9decins, pharmaciens, maisons de sant\u00e9, th\u00e9rapeutes, opticiens \u2013 et d\u00e9sormais <strong>aussi chez les interpr\u00e8tes en langue des signes<\/strong>, une premi\u00e8re.<\/li>\n<\/ol>\n\n\n\n<p>&nbsp;<\/p>\n\n\n\n<hr class=\"wp-block-separator aligncenter has-text-color has-black-color has-alpha-channel-opacity has-black-background-color has-background is-style-wide\"\/>\n\n\n\n<h2 class=\"wp-block-heading\">Lesen Sie auch<\/h2>\n\n\n\n<div class=\"wp-block-media-text is-stacked-on-mobile is-vertically-aligned-top\"><figure class=\"wp-block-media-text__media\"><img fetchpriority=\"high\" decoding=\"async\" width=\"850\" height=\"550\" src=\"https:\/\/deaf24.com\/wp-content\/uploads\/2025\/03\/gl_beratung_arzt.webp\" alt=\"\" class=\"wp-image-6190 size-full\" srcset=\"https:\/\/deaf24.com\/wp-content\/uploads\/2025\/03\/gl_beratung_arzt.webp 850w, https:\/\/deaf24.com\/wp-content\/uploads\/2025\/03\/gl_beratung_arzt-300x194.webp 300w, https:\/\/deaf24.com\/wp-content\/uploads\/2025\/03\/gl_beratung_arzt-768x497.webp 768w, https:\/\/deaf24.com\/wp-content\/uploads\/2025\/03\/gl_beratung_arzt-800x518.webp 800w, https:\/\/deaf24.com\/wp-content\/uploads\/2025\/03\/gl_beratung_arzt-585x379.webp 585w\" sizes=\"(max-width: 850px) 100vw, 850px\" \/><\/figure><div class=\"wp-block-media-text__content\">\n<h2 class=\"wp-block-heading\"><strong><a href=\"https:\/\/deaf24.com\/skandal-in-klinik-gehoerloser-patient-nicht-ernst-genommen\/\" data-type=\"link\" data-id=\"https:\/\/deaf24.com\/skandal-in-klinik-gehoerloser-patient-nicht-ernst-genommen\/\">Skandal in Klinik: Geh\u00f6rloser Patient nicht ernst genommen<\/a><\/strong><\/h2>\n\n\n\n<p>Geh\u00f6rlose Menschen sto\u00dfen in Krankenh\u00e4usern oft auf gro\u00dfe H\u00fcrden. Ohne GSD bleibt oft nur die schriftliche Kommunikation &#8230;<\/p>\n<\/div><\/div>\n\n\n\n<div class=\"wp-block-media-text is-stacked-on-mobile is-vertically-aligned-top\"><figure class=\"wp-block-media-text__media\"><img decoding=\"async\" width=\"850\" height=\"550\" src=\"https:\/\/deaf24.com\/wp-content\/uploads\/2025\/03\/arztbrief-1.webp\" alt=\"\" class=\"wp-image-6259 size-full\" srcset=\"https:\/\/deaf24.com\/wp-content\/uploads\/2025\/03\/arztbrief-1.webp 850w, https:\/\/deaf24.com\/wp-content\/uploads\/2025\/03\/arztbrief-1-300x194.webp 300w, https:\/\/deaf24.com\/wp-content\/uploads\/2025\/03\/arztbrief-1-768x497.webp 768w, https:\/\/deaf24.com\/wp-content\/uploads\/2025\/03\/arztbrief-1-800x518.webp 800w, https:\/\/deaf24.com\/wp-content\/uploads\/2025\/03\/arztbrief-1-585x379.webp 585w\" sizes=\"(max-width: 850px) 100vw, 850px\" \/><\/figure><div class=\"wp-block-media-text__content\">\n<h2 class=\"wp-block-heading\"><strong><a href=\"https:\/\/deaf24.com\/arztbrief-verletzt-gehoerloser-diskriminierung-oder-missverstaendnis\/\" data-type=\"link\" data-id=\"https:\/\/deaf24.com\/arztbrief-verletzt-gehoerloser-diskriminierung-oder-missverstaendnis\/\">Arztbrief verletzt Geh\u00f6rloser \u2013 Diskriminierung oder Missverst\u00e4ndnis?<\/a><\/strong><\/h2>\n\n\n\n<p>Ein geh\u00f6rloser Sohn betreut seine Mutter, die an Thrombose leidet. Als sie nach einem Krankenhausaufenthalt in der <strong>MVZ Missioklinik W\u00fcrzburg<\/strong> &#8230; <\/p>\n<\/div><\/div>\n\n\n\n<hr class=\"wp-block-separator aligncenter has-text-color has-black-color has-alpha-channel-opacity has-black-background-color has-background is-style-wide\"\/>\n\n\n\n<p>&nbsp;<\/p>\n\n\n\n<h2 class=\"wp-block-heading\">Pourquoi cette affaire est-elle si pr\u00e9occupante pour la communaut\u00e9 sourde ?<\/h2>\n\n\n\n<p>Cette affaire ne concerne pas seulement le droit p\u00e9nal \u2013 elle remet aussi en question <strong>la confiance dans tout le syst\u00e8me d\u2019interpr\u00e9tation en langue des signes<\/strong>. Pour de nombreuses personnes sourdes, la pr\u00e9sence d\u2019un interpr\u00e8te lors de rendez-vous m\u00e9dicaux, dans les administrations ou \u00e0 l\u2019\u00e9cole est <strong>indispensable<\/strong>. Si cette confiance est d\u00e9truite, les cons\u00e9quences peuvent \u00eatre <strong>graves<\/strong> :<\/p>\n\n\n\n<ul class=\"wp-block-list\">\n<li>les caisses d\u2019assurance pourraient devenir <strong>plus strictes<\/strong> ou refuser plus souvent des prestations,<\/li>\n\n\n\n<li>les <strong>interpr\u00e8tes honn\u00eates<\/strong> pourraient \u00eatre mis sous <strong>soup\u00e7on g\u00e9n\u00e9ral<\/strong>,<\/li>\n\n\n\n<li>les personnes sourdes pourraient rencontrer <strong>plus de difficult\u00e9s \u00e0 obtenir rapidement un interpr\u00e8te<\/strong>,<\/li>\n\n\n\n<li>une incertitude pourrait grandir quant \u00e0 la <strong>prise en charge ou non des services d\u2019interpr\u00e9tation<\/strong>.<\/li>\n<\/ul>\n\n\n\n<p>D\u00e9j\u00e0 aujourd\u2019hui, de nombreuses personnes sourdes se plaignent de <strong>d\u00e9lais d\u2019attente trop longs<\/strong>, d\u2019un <strong>manque de choix<\/strong> et d\u2019un <strong>manque de clart\u00e9 dans les d\u00e9marches de facturation<\/strong>. Une affaire de fraude comme celle-ci risque d\u2019aggraver encore la situation \u2013 <strong>m\u00eame si la grande majorit\u00e9 des interpr\u00e8tes travaillent de mani\u00e8re professionnelle et \u00e9thique<\/strong>.<\/p>\n\n\n\n<p>&nbsp;<\/p>\n\n\n\n<h2 class=\"wp-block-heading\">Quelle est la suite ?<\/h2>\n\n\n\n<p>L\u2019enqu\u00eate <strong>en est encore \u00e0 ses d\u00e9buts<\/strong>. Le parquet examine actuellement toutes les preuves saisies. Un proc\u00e8s ne sera ouvert que si les \u00e9l\u00e9ments \u00e0 charge sont suffisants.<\/p>\n\n\n\n<p>C\u2019est un <strong>tribunal ind\u00e9pendant<\/strong> qui devra d\u00e9cider si l\u2019homme de 57 ans est <strong>r\u00e9ellement coupable<\/strong>. En attendant, il b\u00e9n\u00e9ficie de la <strong>pr\u00e9somption d\u2019innocence<\/strong>. Les caisses d\u2019assurance examinent entre-temps si et comment elles peuvent <strong>r\u00e9cup\u00e9rer les sommes vers\u00e9es ind\u00fbment<\/strong>.<\/p>\n\n\n\n<p>&nbsp;<\/p>\n\n\n\n<h2 class=\"wp-block-heading\">Conclusion<\/h2>\n\n\n\n<p>Les soup\u00e7ons de fraude contre un interpr\u00e8te en langue des signes en Hesse \u00e9branlent non seulement le syst\u00e8me de sant\u00e9, mais aussi la <strong>confiance au sein de la communaut\u00e9 sourde<\/strong>. Un dommage potentiel de plusieurs millions d\u2019euros soul\u00e8ve des <strong>questions urgentes sur le contr\u00f4le, la transparence et l\u2019\u00e9quit\u00e9<\/strong>.<\/p>\n\n\n\n<p class=\"has-small-font-size\">Foto: Bild von Malte Reimold auf Pixabay<\/p>\n\n\n\n<p><\/p>\n","protected":false},"excerpt":{"rendered":"<p>Le jeudi 22 mai 2025, la police du Land de Hesse a perquisitionn\u00e9 le domicile d\u2019un interpr\u00e8te en langue des signes \u00e2g\u00e9&hellip;<\/p>\n","protected":false},"author":1,"featured_media":7882,"comment_status":"closed","ping_status":"open","sticky":false,"template":"","format":"standard","meta":{"_lmt_disableupdate":"","_lmt_disable":"","_price":"","_stock":"","_tribe_ticket_header":"","_tribe_default_ticket_provider":"","_tribe_ticket_capacity":"0","_ticket_start_date":"","_ticket_end_date":"","_tribe_ticket_show_description":"","_tribe_ticket_show_not_going":false,"_tribe_ticket_use_global_stock":"","_tribe_ticket_global_stock_level":"","_global_stock_mode":"","_global_stock_cap":"","_tribe_rsvp_for_event":"","_tribe_ticket_going_count":"","_tribe_ticket_not_going_count":"","_tribe_tickets_list":"[]","_tribe_ticket_has_attendee_info_fields":false,"_EventAllDay":false,"_EventTimezone":"","_EventStartDate":"","_EventEndDate":"","_EventStartDateUTC":"","_EventEndDateUTC":"","_EventShowMap":false,"_EventShowMapLink":false,"_EventURL":"","_EventCost":"","_EventCostDescription":"","_EventCurrencySymbol":"","_EventCurrencyCode":"","_EventCurrencyPosition":"","_EventDateTimeSeparator":"","_EventTimeRangeSeparator":"","_EventOrganizerID":[],"_EventVenueID":[],"_OrganizerEmail":"","_OrganizerPhone":"","_OrganizerWebsite":"","_VenueAddress":"","_VenueCity":"","_VenueCountry":"","_VenueProvince":"","_VenueState":"","_VenueZip":"","_VenuePhone":"","_VenueURL":"","_VenueStateProvince":"","_VenueLat":"","_VenueLng":"","_VenueShowMap":false,"_VenueShowMapLink":false,"footnotes":""},"categories":[254],"tags":[],"class_list":["post-7905","post","type-post","status-publish","format-standard","has-post-thumbnail","hentry","category-interpretes-en-langue-des-signes"],"_links":{"self":[{"href":"https:\/\/deaf24.com\/fr\/wp-json\/wp\/v2\/posts\/7905","targetHints":{"allow":["GET"]}}],"collection":[{"href":"https:\/\/deaf24.com\/fr\/wp-json\/wp\/v2\/posts"}],"about":[{"href":"https:\/\/deaf24.com\/fr\/wp-json\/wp\/v2\/types\/post"}],"author":[{"embeddable":true,"href":"https:\/\/deaf24.com\/fr\/wp-json\/wp\/v2\/users\/1"}],"replies":[{"embeddable":true,"href":"https:\/\/deaf24.com\/fr\/wp-json\/wp\/v2\/comments?post=7905"}],"version-history":[{"count":0,"href":"https:\/\/deaf24.com\/fr\/wp-json\/wp\/v2\/posts\/7905\/revisions"}],"wp:featuredmedia":[{"embeddable":true,"href":"https:\/\/deaf24.com\/fr\/wp-json\/wp\/v2\/media\/7882"}],"wp:attachment":[{"href":"https:\/\/deaf24.com\/fr\/wp-json\/wp\/v2\/media?parent=7905"}],"wp:term":[{"taxonomy":"category","embeddable":true,"href":"https:\/\/deaf24.com\/fr\/wp-json\/wp\/v2\/categories?post=7905"},{"taxonomy":"post_tag","embeddable":true,"href":"https:\/\/deaf24.com\/fr\/wp-json\/wp\/v2\/tags?post=7905"}],"curies":[{"name":"wp","href":"https:\/\/api.w.org\/{rel}","templated":true}]}}