{"id":5282,"date":"2025-02-01T17:09:16","date_gmt":"2025-02-01T16:09:16","guid":{"rendered":"https:\/\/deaf24.com\/?p=5282"},"modified":"2025-02-01T17:09:16","modified_gmt":"2025-02-01T16:09:16","slug":"ecole-des-sourds-ecole-assokoto-des-sourds-au-togo","status":"publish","type":"post","link":"https:\/\/deaf24.com\/fr\/ecole-des-sourds-ecole-assokoto-des-sourds-au-togo\/","title":{"rendered":"\u00c9cole des sourds \u00ab Ecole Assokoto des Sourds \u00bb au Togo"},"content":{"rendered":"\n<p><strong>L&rsquo;Ecole Assokoto des Sourds<\/strong>, situ\u00e9e au Togo, est tr\u00e8s engag\u00e9e dans l&rsquo;\u00e9ducation des enfants sourds. R\u00e9cemment, un nouveau conseil d&rsquo;administration a \u00e9t\u00e9 \u00e9lu pour l&rsquo;\u00e9cole et l&rsquo;association Engagement Enfants Sans Limites qui lui est associ\u00e9e. Ce nouveau comit\u00e9 a pris ses responsabilit\u00e9s et est tr\u00e8s motiv\u00e9 pour cr\u00e9er un avenir encore meilleur pour l&rsquo;\u00e9cole et les enfants.<\/p>\n\n\n\n<!--more-->\n\n\n\n<h2 class=\"wp-block-heading\"><strong>Le nouveau comit\u00e9 directeur est compos\u00e9 de trois membres :<\/strong><\/h2>\n\n\n\n<ol class=\"wp-block-list\">\n<li><strong>Atti Salabirou<\/strong> \u2013 Pr\u00e9sident<\/li>\n\n\n\n<li><strong>Edoh Tossoukp\u00e8 Obidon<\/strong> \u2013 Secr\u00e9taire<\/li>\n\n\n\n<li><strong>Akpaki Esse<\/strong> \u2013 Tr\u00e9sorier<\/li>\n<\/ol>\n\n\n\n<h2 class=\"wp-block-heading\"><strong>Qu&rsquo;est-ce que cela signifie?<\/strong><\/h2>\n\n\n\n<p>Il y a quelques mois, des \u00e9lections ont eu lieu et les membres de l&rsquo;association ont \u00e9lu un nouveau conseil d&rsquo;administration. Ce nouveau comit\u00e9 a d\u00e9sormais pour mission de diriger l&rsquo;\u00e9cole et de prendre des d\u00e9cisions importantes. L&rsquo;ancien comit\u00e9 a fait du bon travail par le pass\u00e9, mais il y a maintenant de nouveaux responsables qui souhaitent travailler avec des id\u00e9es neuves et beaucoup d&rsquo;\u00e9nergie.<\/p>\n\n\n\n<p>Collaboration particuli\u00e8re avec une association allemande Le nouveau comit\u00e9 directeur ne souhaite pas seulement faire du bon travail au Togo, mais aussi collaborer avec une association allemande. Cette association s&rsquo;appelle Zukunftsperspektiven gemeinsam gestalten e.V.. Tous les deux mois, les deux comit\u00e9s directeurs se rencontrent en ligne. Lors de ces rencontres, ils discutent de sujets importants afin de bien travailler ensemble et d&rsquo;apprendre les uns des autres.<\/p>\n\n\n\n<p>Qu&rsquo;est-ce que cela signifie pour l&rsquo;\u00e9cole ?<\/p>\n\n\n\n<p>Gr\u00e2ce \u00e0 la nouvelle collaboration avec l&rsquo;association allemande et \u00e0 la bonne motivation du nouveau comit\u00e9 directeur, nous pouvons esp\u00e9rer que l&rsquo;\u00e9cole aura encore plus de succ\u00e8s. Il s&rsquo;agit d&rsquo;offrir aux enfants une \u00e9ducation de qualit\u00e9 qui les aidera \u00e0 avancer dans leur vie. Cette collaboration doit contribuer \u00e0 am\u00e9liorer encore l&rsquo;\u00e9cole et \u00e0 donner de nouvelles chances aux enfants.<\/p>\n\n\n\n<h2 class=\"wp-block-heading\">En conclusion :<\/h2>\n\n\n\n<p>L&rsquo;\u00e9cole des sourds au Togo a maintenant une nouvelle \u00e9quipe qui travaille avec beaucoup d&rsquo;\u00e9lan et de nouvelles id\u00e9es. Nous sommes impatients de voir comment l&rsquo;\u00e9cole va se d\u00e9velopper dans les mois \u00e0 venir et nous nous r\u00e9jouissons des changements positifs que le nouveau comit\u00e9 apportera.<\/p>\n","protected":false},"excerpt":{"rendered":"<p>L&rsquo;Ecole Assokoto des Sourds, situ\u00e9e au Togo, est tr\u00e8s engag\u00e9e dans l&rsquo;\u00e9ducation des enfants sourds. R\u00e9cemment, un nouveau conseil d&rsquo;administration a \u00e9t\u00e9&hellip;<\/p>\n","protected":false},"author":1,"featured_media":5277,"comment_status":"closed","ping_status":"open","sticky":false,"template":"","format":"standard","meta":{"_lmt_disableupdate":"","_lmt_disable":"","_price":"","_stock":"","_tribe_ticket_header":"","_tribe_default_ticket_provider":"","_tribe_ticket_capacity":"0","_ticket_start_date":"","_ticket_end_date":"","_tribe_ticket_show_description":"","_tribe_ticket_show_not_going":false,"_tribe_ticket_use_global_stock":"","_tribe_ticket_global_stock_level":"","_global_stock_mode":"","_global_stock_cap":"","_tribe_rsvp_for_event":"","_tribe_ticket_going_count":"","_tribe_ticket_not_going_count":"","_tribe_tickets_list":"[]","_tribe_ticket_has_attendee_info_fields":false,"_EventAllDay":false,"_EventTimezone":"","_EventStartDate":"","_EventEndDate":"","_EventStartDateUTC":"","_EventEndDateUTC":"","_EventShowMap":false,"_EventShowMapLink":false,"_EventURL":"","_EventCost":"","_EventCostDescription":"","_EventCurrencySymbol":"","_EventCurrencyCode":"","_EventCurrencyPosition":"","_EventDateTimeSeparator":"","_EventTimeRangeSeparator":"","_EventOrganizerID":[],"_EventVenueID":[],"_OrganizerEmail":"","_OrganizerPhone":"","_OrganizerWebsite":"","_VenueAddress":"","_VenueCity":"","_VenueCountry":"","_VenueProvince":"","_VenueState":"","_VenueZip":"","_VenuePhone":"","_VenueURL":"","_VenueStateProvince":"","_VenueLat":"","_VenueLng":"","_VenueShowMap":false,"_VenueShowMapLink":false,"footnotes":""},"categories":[193],"tags":[],"class_list":["post-5282","post","type-post","status-publish","format-standard","has-post-thumbnail","hentry","category-education-handicap-auditif"],"_links":{"self":[{"href":"https:\/\/deaf24.com\/fr\/wp-json\/wp\/v2\/posts\/5282","targetHints":{"allow":["GET"]}}],"collection":[{"href":"https:\/\/deaf24.com\/fr\/wp-json\/wp\/v2\/posts"}],"about":[{"href":"https:\/\/deaf24.com\/fr\/wp-json\/wp\/v2\/types\/post"}],"author":[{"embeddable":true,"href":"https:\/\/deaf24.com\/fr\/wp-json\/wp\/v2\/users\/1"}],"replies":[{"embeddable":true,"href":"https:\/\/deaf24.com\/fr\/wp-json\/wp\/v2\/comments?post=5282"}],"version-history":[{"count":0,"href":"https:\/\/deaf24.com\/fr\/wp-json\/wp\/v2\/posts\/5282\/revisions"}],"wp:featuredmedia":[{"embeddable":true,"href":"https:\/\/deaf24.com\/fr\/wp-json\/wp\/v2\/media\/5277"}],"wp:attachment":[{"href":"https:\/\/deaf24.com\/fr\/wp-json\/wp\/v2\/media?parent=5282"}],"wp:term":[{"taxonomy":"category","embeddable":true,"href":"https:\/\/deaf24.com\/fr\/wp-json\/wp\/v2\/categories?post=5282"},{"taxonomy":"post_tag","embeddable":true,"href":"https:\/\/deaf24.com\/fr\/wp-json\/wp\/v2\/tags?post=5282"}],"curies":[{"name":"wp","href":"https:\/\/api.w.org\/{rel}","templated":true}]}}