{"id":4359,"date":"2025-01-02T15:32:07","date_gmt":"2025-01-02T14:32:07","guid":{"rendered":"https:\/\/deaf24.com\/?p=4359"},"modified":"2025-01-08T19:08:24","modified_gmt":"2025-01-08T18:08:24","slug":"verteidige-die-rechte-der-gebaerdensprachen","status":"publish","type":"post","link":"https:\/\/deaf24.com\/fr\/verteidige-die-rechte-der-gebaerdensprachen\/","title":{"rendered":"Verteidige die Rechte der Geb\u00e4rdensprachen!"},"content":{"rendered":"\n<p>Der Internationale Tag der Geb\u00e4rdensprachen am <strong>23. September<\/strong> erinnert uns daran, wie wichtig Geb\u00e4rdensprachen f\u00fcr die kulturelle Identit\u00e4t und die Menschenrechte von Geh\u00f6rlosen weltweit sind. Geb\u00e4rdensprachen sind nicht nur Kommunikationsmittel, sondern ein zentraler Bestandteil der kulturellen Vielfalt. Dennoch sind viele Geh\u00f6rlose weiterhin mit Barrieren und Vorurteilen konfrontiert. An diesem Tag sollen Menschen und Regierungen gemeinsam darauf aufmerksam machen, warum Geb\u00e4rdensprachen gesch\u00fctzt und gef\u00f6rdert werden m\u00fcssen.<\/p>\n\n\n\n<!--more-->\n\n\n\n<h2 class=\"wp-block-heading\"><strong>Die Bedeutung der Geb\u00e4rdensprachen<\/strong><\/h2>\n\n\n\n<h3 class=\"wp-block-heading\"><strong>Fakten und Zahlen<\/strong><\/h3>\n\n\n\n<p>Weltweit gibt es <strong>70 Millionen Geh\u00f6rlose<\/strong>, die \u00fcber <strong>300 verschiedene Geb\u00e4rdensprachen<\/strong> verwenden. Besonders in <strong>Entwicklungsl\u00e4ndern<\/strong> leben \u00fcber <strong>80 % der Geh\u00f6rlosen<\/strong> oft ohne ausreichenden Zugang zu Bildung oder Geb\u00e4rdensprach-Diensten.<\/p>\n\n\n\n<p>Geb\u00e4rdensprachen sind eigenst\u00e4ndige, nat\u00fcrliche Sprachen, die sich grundlegend von gesprochenen Sprachen unterscheiden. Sie besitzen ihre eigene Grammatik und Syntax. Zus\u00e4tzlich gibt es eine <strong>Internationale Geb\u00e4rdensprache<\/strong>, die bei internationalen Treffen und informell beim Reisen genutzt wird. Sie ist jedoch weniger komplex als die nationalen Geb\u00e4rdensprachen und dient als vereinfachte Verst\u00e4ndigungshilfe.<\/p>\n\n\n\n<h3 class=\"wp-block-heading\"><strong>Geb\u00e4rdensprachen als Menschenrecht<\/strong><\/h3>\n\n\n\n<p>Die <strong>UN-Konvention \u00fcber die Rechte von Menschen mit Behinderungen<\/strong>, die 2006 verabschiedet wurde, erkennt Geb\u00e4rdensprachen als gleichwertig mit gesprochenen Sprachen an. Staaten sind verpflichtet:<\/p>\n\n\n\n<ul class=\"wp-block-list\">\n<li><strong>Den Zugang zur Geb\u00e4rdensprache zu f\u00f6rdern<\/strong>,<\/li>\n\n\n\n<li><strong>Qualitativ hochwertige Bildung in Geb\u00e4rdensprache sicherzustellen<\/strong>,<\/li>\n\n\n\n<li>Die <strong>kulturelle Identit\u00e4t<\/strong> der Geh\u00f6rlosen zu st\u00e4rken.<\/li>\n<\/ul>\n\n\n\n<p>Der Zugang zu Geb\u00e4rdensprache von klein auf ist entscheidend f\u00fcr die Entwicklung, Bildung und soziale Teilhabe von geh\u00f6rlosen Menschen.<\/p>\n\n\n\n<h2 class=\"wp-block-heading\"><strong>Wie entstand der Internationale Tag der Geb\u00e4rdensprachen?<\/strong><\/h2>\n\n\n\n<p>Dieser besondere Tag wurde 2017 auf Vorschlag der <strong>Weltf\u00f6deration der Geh\u00f6rlosen (WFD)<\/strong> ins Leben gerufen. Diese Organisation vertritt 135 Geh\u00f6rlosenverb\u00e4nde und setzt sich f\u00fcr die Rechte von rund 70 Millionen Geh\u00f6rlosen weltweit ein.<\/p>\n\n\n\n<p>Der 23. September wurde gew\u00e4hlt, weil an diesem Tag im Jahr 1951 die <strong>Weltf\u00f6deration der Geh\u00f6rlosen<\/strong> gegr\u00fcndet wurde. Der erste Internationale Tag der Geb\u00e4rdensprachen wurde 2018 gefeiert und ist seitdem Teil der <strong>Internationalen Woche der Geh\u00f6rlosen<\/strong>, die j\u00e4hrlich im September stattfindet.<\/p>\n\n\n\n<h2 class=\"wp-block-heading\"><strong>Was k\u00f6nnen wir tun?<\/strong><\/h2>\n\n\n\n<h3 class=\"wp-block-heading\"><strong>Unterst\u00fctzung f\u00fcr Geb\u00e4rdensprachen<\/strong><\/h3>\n\n\n\n<p>Jeder kann dazu beitragen, die Rechte der Geb\u00e4rdensprachen zu verteidigen:<\/p>\n\n\n\n<ul class=\"wp-block-list\">\n<li><strong>Bewusstsein schaffen<\/strong>: Erz\u00e4hle anderen von der Bedeutung der Geb\u00e4rdensprache.<\/li>\n\n\n\n<li><strong>Aktiv unterst\u00fctzen<\/strong>: Engagiere dich in lokalen Geh\u00f6rlosenverb\u00e4nden.<\/li>\n\n\n\n<li><strong>Politische Ma\u00dfnahmen f\u00f6rdern<\/strong>: Setze dich f\u00fcr den Ausbau von Geb\u00e4rdensprach-Diensten und barrierefreie Kommunikation ein.<\/li>\n<\/ul>\n\n\n\n<h3 class=\"wp-block-heading\"><strong>Zusammenarbeit f\u00fcr eine bessere Zukunft<\/strong><\/h3>\n\n\n\n<p>Die Vereinten Nationen betonen: Nur durch den <strong>fr\u00fchen Zugang<\/strong> zur Geb\u00e4rdensprache, hochwertige Bildung und umfassende Unterst\u00fctzung k\u00f6nnen Geh\u00f6rlose ihre Menschenrechte vollst\u00e4ndig aus\u00fcben. Gleichzeitig m\u00fcssen geh\u00f6rlose Menschen aktiv in Entscheidungsprozesse eingebunden werden \u2013 ganz nach dem Prinzip <strong>\u201eNichts \u00fcber uns ohne uns\u201c<\/strong>.<\/p>\n\n\n\n<h2 class=\"wp-block-heading\"><strong>Fazit: Geb\u00e4rdensprachen sind ein Menschenrecht<\/strong><\/h2>\n\n\n\n<p>Geb\u00e4rdensprachen sind mehr als nur eine M\u00f6glichkeit der Kommunikation. Sie sind ein wesentlicher Teil der Identit\u00e4t und des kulturellen Erbes von Geh\u00f6rlosen weltweit. Durch die F\u00f6rderung und den Schutz der Geb\u00e4rdensprachen k\u00f6nnen wir sicherstellen, dass Geh\u00f6rlose gleichberechtigt leben, lernen und arbeiten k\u00f6nnen.<\/p>\n\n\n\n<p>Lasst uns gemeinsam handeln und die Rechte der Geb\u00e4rdensprache verteidigen \u2013 f\u00fcr eine Welt, die wirklich inklusiv ist!<\/p>\n\n\n\n<p>Foto:ONU\/Amanda Voisard<\/p>\n","protected":false},"excerpt":{"rendered":"<p>Der Internationale Tag der Geb\u00e4rdensprachen am 23. September erinnert uns daran, wie wichtig Geb\u00e4rdensprachen f\u00fcr die kulturelle Identit\u00e4t und die Menschenrechte von&hellip;<\/p>\n","protected":false},"author":1,"featured_media":4354,"comment_status":"closed","ping_status":"open","sticky":false,"template":"","format":"standard","meta":{"_lmt_disableupdate":"","_lmt_disable":"","_price":"","_stock":"","_tribe_ticket_header":"","_tribe_default_ticket_provider":"","_tribe_ticket_capacity":"0","_ticket_start_date":"","_ticket_end_date":"","_tribe_ticket_show_description":"","_tribe_ticket_show_not_going":false,"_tribe_ticket_use_global_stock":"","_tribe_ticket_global_stock_level":"","_global_stock_mode":"","_global_stock_cap":"","_tribe_rsvp_for_event":"","_tribe_ticket_going_count":"","_tribe_ticket_not_going_count":"","_tribe_tickets_list":"[]","_tribe_ticket_has_attendee_info_fields":false,"_EventAllDay":false,"_EventTimezone":"","_EventStartDate":"","_EventEndDate":"","_EventStartDateUTC":"","_EventEndDateUTC":"","_EventShowMap":false,"_EventShowMapLink":false,"_EventURL":"","_EventCost":"","_EventCostDescription":"","_EventCurrencySymbol":"","_EventCurrencyCode":"","_EventCurrencyPosition":"","_EventDateTimeSeparator":"","_EventTimeRangeSeparator":"","_EventOrganizerID":[],"_EventVenueID":[],"_OrganizerEmail":"","_OrganizerPhone":"","_OrganizerWebsite":"","_VenueAddress":"","_VenueCity":"","_VenueCountry":"","_VenueProvince":"","_VenueState":"","_VenueZip":"","_VenuePhone":"","_VenueURL":"","_VenueStateProvince":"","_VenueLat":"","_VenueLng":"","_VenueShowMap":false,"_VenueShowMapLink":false,"footnotes":""},"categories":[258],"tags":[],"class_list":["post-4359","post","type-post","status-publish","format-standard","has-post-thumbnail","hentry","category-langue-des-signes"],"_links":{"self":[{"href":"https:\/\/deaf24.com\/fr\/wp-json\/wp\/v2\/posts\/4359","targetHints":{"allow":["GET"]}}],"collection":[{"href":"https:\/\/deaf24.com\/fr\/wp-json\/wp\/v2\/posts"}],"about":[{"href":"https:\/\/deaf24.com\/fr\/wp-json\/wp\/v2\/types\/post"}],"author":[{"embeddable":true,"href":"https:\/\/deaf24.com\/fr\/wp-json\/wp\/v2\/users\/1"}],"replies":[{"embeddable":true,"href":"https:\/\/deaf24.com\/fr\/wp-json\/wp\/v2\/comments?post=4359"}],"version-history":[{"count":0,"href":"https:\/\/deaf24.com\/fr\/wp-json\/wp\/v2\/posts\/4359\/revisions"}],"wp:featuredmedia":[{"embeddable":true,"href":"https:\/\/deaf24.com\/fr\/wp-json\/wp\/v2\/media\/4354"}],"wp:attachment":[{"href":"https:\/\/deaf24.com\/fr\/wp-json\/wp\/v2\/media?parent=4359"}],"wp:term":[{"taxonomy":"category","embeddable":true,"href":"https:\/\/deaf24.com\/fr\/wp-json\/wp\/v2\/categories?post=4359"},{"taxonomy":"post_tag","embeddable":true,"href":"https:\/\/deaf24.com\/fr\/wp-json\/wp\/v2\/tags?post=4359"}],"curies":[{"name":"wp","href":"https:\/\/api.w.org\/{rel}","templated":true}]}}