{"id":11497,"date":"2025-11-05T16:48:28","date_gmt":"2025-11-05T15:48:28","guid":{"rendered":"https:\/\/deaf24.com\/gehoerlosen-events-wie-sicher-sind-sie-wirklich\/"},"modified":"2025-12-08T12:04:22","modified_gmt":"2025-12-08T11:04:22","slug":"evenements-sourds-sont-ils-vraiment-surs","status":"publish","type":"post","link":"https:\/\/deaf24.com\/fr\/evenements-sourds-sont-ils-vraiment-surs\/","title":{"rendered":"\u00c9v\u00e9nements sourds : sont-ils vraiment s\u00fbrs ?"},"content":{"rendered":"\n<p>Les \u00e9v\u00e9nements destin\u00e9s aux personnes sourdes \u2013 comme les festivals, congr\u00e8s, f\u00eates associatives ou rencontres internationales \u2013 sont des lieux essentiels de communaut\u00e9, d\u2019\u00e9change et de culture. Mais beaucoup se posent la question : ces \u00e9v\u00e9nements sont-ils vraiment s\u00fbrs ? Qui est responsable en cas de probl\u00e8me ?<\/p>\n\n\n\n<p>La r\u00e9ponse est claire : la s\u00e9curit\u00e9 absolue n\u2019existe pas \u2013 ni pour les personnes sourdes, ni pour les personnes entendantes. Toute manifestation comporte des risques, quel que soit le pays. C\u2019est pourquoi il est d\u2019autant plus important d\u2019\u00e9valuer les dangers de mani\u00e8re r\u00e9aliste, d\u2019assumer ses responsabilit\u00e9s et de s\u2019appuyer sur des informations s\u00e9rieuses.<\/p>\n\n\n\n<!--more-->\n\n\n\n<p>&nbsp;<\/p>\n\n\n\n<h2 class=\"wp-block-heading\"><strong>La criminalit\u00e9 concerne tout le monde \u2013 y compris la communaut\u00e9 sourde<\/strong><\/h2>\n\n\n\n<p>La criminalit\u00e9 peut se produire partout. Les personnes sourdes ne constituent pas un groupe \u00e0 part : elles font partie int\u00e9grante de la soci\u00e9t\u00e9 et sont expos\u00e9es aux m\u00eames risques que les personnes entendantes.<\/p>\n\n\n\n<p>En Allemagne, les infractions les plus courantes sont notamment :<\/p>\n\n\n\n<ul class=\"wp-block-list\">\n<li>La fraude, y compris les escroqueries financi\u00e8res ou li\u00e9es au Bitcoin<\/li>\n\n\n\n<li>Les attentats terroristes<\/li>\n\n\n\n<li>Le vol et le vol avec violence<\/li>\n\n\n\n<li>Les agressions physiques, y compris graves ou dangereuses<\/li>\n\n\n\n<li>Les agressions sexuelles et les viols<\/li>\n\n\n\n<li>Les meurtres et les homicides<\/li>\n\n\n\n<li>La cybercriminalit\u00e9 (piratage, vol de donn\u00e9es)<\/li>\n\n\n\n<li>Les infractions \u00e0 caract\u00e8re politique<\/li>\n\n\n\n<li>La possession et le trafic de drogue<\/li>\n\n\n\n<li>L\u2019extorsion et les menaces<\/li>\n<\/ul>\n\n\n\n<p>En 2024, environ <strong>5,8 millions d\u2019infractions<\/strong> ont \u00e9t\u00e9 enregistr\u00e9es en Allemagne. La criminalit\u00e9 violente a l\u00e9g\u00e8rement augment\u00e9 pour atteindre plus de <strong>217 000 cas<\/strong>, dont plus de <strong>13 000 agressions sexuelles<\/strong>. Les infractions \u00e0 motivation politique ont progress\u00e9 d\u2019environ <strong>40 %<\/strong>.<\/p>\n\n\n\n<p>&nbsp;<\/p>\n\n\n\n<h2 class=\"wp-block-heading\"><strong>Pas seulement en Allemagne \u2013 un probl\u00e8me international<\/strong><\/h2>\n\n\n\n<p>Ces incidents ne se produisent pas uniquement en Allemagne, mais aussi lors d\u2019\u00e9v\u00e9nements pour personnes sourdes dans d\u2019autres pays comme la France, la Belgique, la Su\u00e8de, l\u2019Autriche, la Suisse et bien d\u2019autres.<br>Partout o\u00f9 de nombreuses personnes se rassemblent, il existe des risques : vols, disputes, agressions ou urgences m\u00e9dicales. Cela montre que la s\u00e9curit\u00e9 est un d\u00e9fi mondial \u2013 y compris au sein de la communaut\u00e9 sourde.<\/p>\n\n\n\n<p>&nbsp;<\/p>\n\n\n\n<h2 class=\"wp-block-heading\"><strong>Pourquoi les personnes sourdes peuvent \u00eatre particuli\u00e8rement vuln\u00e9rables<\/strong><\/h2>\n\n\n\n<p>Les personnes sourdes, comme tous les citoyens, ont une responsabilit\u00e9 personnelle. Toutefois, elles sont souvent confront\u00e9es \u00e0 des difficult\u00e9s suppl\u00e9mentaires :<\/p>\n\n\n\n<ul class=\"wp-block-list\">\n<li>Probl\u00e8mes de communication avec la police, la s\u00e9curit\u00e9 ou les secours<\/li>\n\n\n\n<li>Les appels d\u2019urgence ne sont pas toujours accessibles<\/li>\n\n\n\n<li>Les annonces et signaux d\u2019alarme ne sont souvent pas per\u00e7us<\/li>\n\n\n\n<li>La confiance au sein de la communaut\u00e9 peut \u00eatre exploit\u00e9e (par exemple en cas d\u2019escroquerie)<\/li>\n\n\n\n<li>L\u2019absence d\u2019interpr\u00e8tes en situation d\u2019urgence complique l\u2019aide<\/li>\n<\/ul>\n\n\n\n<p>C\u2019est pourquoi des concepts de s\u00e9curit\u00e9 accessibles, des services d\u2019interpr\u00e9tation et du personnel form\u00e9 sont particuli\u00e8rement importants.<\/p>\n\n\n\n<p>&nbsp;<\/p>\n\n\n\n<h2 class=\"wp-block-heading\"><strong>Prudence face aux contenus de sensibilisation sur les r\u00e9seaux sociaux<\/strong><\/h2>\n\n\n\n<p>Sur les r\u00e9seaux sociaux, de nombreux vlogueurs sourds parlent de sujets comme les drogues du viol, la violence ou la s\u00e9curit\u00e9. Certains informent de mani\u00e8re s\u00e9rieuse \u2013 d\u2019autres exag\u00e8rent, diffusent de fausses informations ou cherchent \u00e0 provoquer la peur pour obtenir de l\u2019audience.<\/p>\n\n\n\n<p>On reconna\u00eet les contenus probl\u00e9matiques lorsque :<\/p>\n\n\n\n<ul class=\"wp-block-list\">\n<li>La peur est attis\u00e9e sans proposer de solutions<\/li>\n\n\n\n<li>Les propos sont extr\u00eames, insultants ou g\u00e9n\u00e9ralisateurs<\/li>\n\n\n\n<li>Les informations ne sont pas v\u00e9rifi\u00e9es ou sont fausses<\/li>\n\n\n\n<li>Les vlogueurs ne sont pas des professionnels, mais recherchent avant tout la visibilit\u00e9<\/li>\n<\/ul>\n\n\n\n<p>Particuli\u00e8rement non professionnelles et nuisibles sont les affirmations telles que :<\/p>\n\n\n\n<ul class=\"wp-block-list\">\n<li>\u00ab Les hommes sont des porcs \u00bb<\/li>\n\n\n\n<li>\u00ab Les hommes ne veulent que du sexe \u00bb<\/li>\n\n\n\n<li>\u00ab Tous les hommes sont des criminels \u00bb<\/li>\n<\/ul>\n\n\n\n<p>De tels propos ne sont ni diplomatiques, ni utiles, et ils blessent les personnes. Ils ne r\u00e9solvent aucun probl\u00e8me, mais cr\u00e9ent de la m\u00e9fiance et de la peur.<\/p>\n\n\n\n<p>Ce qui est essentiel :<\/p>\n\n\n\n<ul class=\"wp-block-list\">\n<li>Ne prendre au s\u00e9rieux que les informations provenant de la police, des services sp\u00e9cialis\u00e9s ou des autorit\u00e9s officielles<\/li>\n\n\n\n<li>V\u00e9rifier les affirmations de mani\u00e8re critique avant de les partager<\/li>\n\n\n\n<li>S\u2019appuyer sur des faits, pas sur le sensationnalisme ou l\u2019\u00e9motion<\/li>\n\n\n\n<li>Traiter les personnes avec respect, ind\u00e9pendamment du sexe ou de l\u2019origine<\/li>\n<\/ul>\n\n\n\n<p>&nbsp;<\/p>\n\n\n\n<h2 class=\"wp-block-heading\"><strong>Responsabilit\u00e9 \u2013 qui prot\u00e8ge qui ?<\/strong><\/h2>\n\n\n\n<p>Les organisateurs doivent :<\/p>\n\n\n\n<ul class=\"wp-block-list\">\n<li>Garantir la s\u00e9curit\u00e9 et l\u2019ordre (par exemple issues de secours, s\u00e9curit\u00e9, protection incendie)<\/li>\n\n\n\n<li>Alerter la police ou les secours en cas de danger<\/li>\n\n\n\n<li>R\u00e9duire les risques sans pouvoir tout contr\u00f4ler<\/li>\n<\/ul>\n\n\n\n<p>Les organisateurs ne sont pas tenus :<\/p>\n\n\n\n<ul class=\"wp-block-list\">\n<li>De garantir personnellement la s\u00e9curit\u00e9 de chaque individu<\/li>\n\n\n\n<li>D\u2019assurer une protection totale ou une pr\u00e9sence polici\u00e8re syst\u00e9matique (sauf pour les grands \u00e9v\u00e9nements)<\/li>\n<\/ul>\n\n\n\n<p>Les visiteurs doivent :<\/p>\n\n\n\n<ul class=\"wp-block-list\">\n<li>Agir de mani\u00e8re responsable<\/li>\n\n\n\n<li>Prot\u00e9ger leurs objets de valeur et rester attentifs<\/li>\n\n\n\n<li>\u00c9viter de se retrouver seuls dans des situations \u00e0 risque<\/li>\n\n\n\n<li>Demander de l\u2019aide rapidement en cas de danger<\/li>\n<\/ul>\n\n\n\n<p>&nbsp;<\/p>\n\n\n\n<h2 class=\"wp-block-heading\"><strong>Pourquoi les contr\u00f4les \u00e0 l\u2019entr\u00e9e ne suffisent pas \u00e0 eux seuls<\/strong><\/h2>\n\n\n\n<p>Beaucoup pensent que des contr\u00f4les de s\u00e9curit\u00e9 plus stricts \u00e0 l\u2019entr\u00e9e \u2013 comme les fouilles de sacs, les contr\u00f4les d\u2019identit\u00e9 ou les d\u00e9tecteurs de m\u00e9taux \u2013 garantissent une protection totale. Mais l\u00e0 encore, cela ne signifie pas automatiquement plus de s\u00e9curit\u00e9.<\/p>\n\n\n\n<p>Pourquoi ?<\/p>\n\n\n\n<ul class=\"wp-block-list\">\n<li><strong>On ne peut pas tout contr\u00f4ler<\/strong> : de petits objets peuvent \u00eatre facilement dissimul\u00e9s dans les v\u00eatements, les sacs, les boissons ou les appareils \u00e9lectroniques. Un contr\u00f4le complet n\u00e9cessiterait des moyens tr\u00e8s lourds et co\u00fbteux, comme dans les a\u00e9roports.<\/li>\n\n\n\n<li><strong>La contrebande ne peut jamais \u00eatre totalement emp\u00each\u00e9e<\/strong> : m\u00eame dans les concerts, les stades ou les a\u00e9roports, des objets interdits passent parfois malgr\u00e9 les contr\u00f4les.<\/li>\n\n\n\n<li><strong>Le temps et le personnel sont limit\u00e9s<\/strong> : de nombreux \u00e9v\u00e9nements pour personnes sourdes sont organis\u00e9s b\u00e9n\u00e9volement, sans les moyens n\u00e9cessaires pour des contr\u00f4les professionnels.<\/li>\n\n\n\n<li><strong>La s\u00e9curit\u00e9 ne commence pas uniquement \u00e0 l\u2019entr\u00e9e<\/strong> : les dangers peuvent aussi appara\u00eetre \u00e0 l\u2019int\u00e9rieur, par exemple \u00e0 cause de l\u2019alcool, de conflits, d\u2019agressions sexuelles ou de vols.<\/li>\n<\/ul>\n\n\n\n<p>Conclusion :<br>Les contr\u00f4les \u00e0 l\u2019entr\u00e9e peuvent aider, mais ils ne garantissent pas une protection totale. La s\u00e9curit\u00e9 repose sur une combinaison de :<\/p>\n\n\n\n<ul class=\"wp-block-list\">\n<li>Comportements responsables des visiteurs<\/li>\n\n\n\n<li>Vigilance des organisateurs et du personnel de s\u00e9curit\u00e9<\/li>\n\n\n\n<li>Communication ouverte et aide rapide en cas d\u2019urgence<\/li>\n\n\n\n<li>Respect mutuel<\/li>\n<\/ul>\n\n\n\n<p>Plus de contr\u00f4le ne signifie pas automatiquement plus de s\u00e9curit\u00e9. Chacun peut malgr\u00e9 tout dissimuler ou faire entrer des objets.<br>C\u2019est pourquoi la responsabilit\u00e9 individuelle, la vigilance et l\u2019entraide restent la meilleure protection.<\/p>\n\n\n\n<p>&nbsp;<\/p>\n\n\n\n<h2 class=\"wp-block-heading\"><strong>Conseils pour plus de s\u00e9curit\u00e9<\/strong><\/h2>\n\n\n\n<ul class=\"wp-block-list\">\n<li>Ne jamais laisser ses boissons sans surveillance<\/li>\n\n\n\n<li>Ne pas rentrer seul \u2013 privil\u00e9gier les d\u00e9placements en groupe<\/li>\n\n\n\n<li>Pr\u00e9parer les fonctions d\u2019appel d\u2019urgence ou SMS d\u2019urgence sur son t\u00e9l\u00e9phone<\/li>\n\n\n\n<li>Enregistrer les num\u00e9ros d\u2019urgence et de la police<\/li>\n\n\n\n<li>Informer des personnes de confiance de l\u2019endroit o\u00f9 l\u2019on se trouve<\/li>\n\n\n\n<li>En cas de doute, appeler de l\u2019aide plut\u00f4t une fois de trop que pas du tout<\/li>\n<\/ul>\n\n\n\n<p>&nbsp;<\/p>\n\n\n\n<h2 class=\"wp-block-heading\"><strong>Conclusion<\/strong><\/h2>\n\n\n\n<p>La s\u00e9curit\u00e9 lors des \u00e9v\u00e9nements pour personnes sourdes est essentielle \u2013 mais elle ne peut jamais \u00eatre garantie \u00e0 100 %. Les personnes sourdes sont expos\u00e9es aux m\u00eames risques que les personnes entendantes, en Allemagne comme dans le monde entier.<br>La meilleure protection repose sur le savoir, la vigilance, le respect et des informations fiables \u2013 et non sur la peur ou les pr\u00e9jug\u00e9s.<\/p>\n\n\n\n<p>Ce n\u2019est qu\u2019ensemble que les \u00e9v\u00e9nements peuvent devenir plus s\u00fbrs et plus forts \u2013 gr\u00e2ce \u00e0 la responsabilit\u00e9, \u00e0 l\u2019information et \u00e0 la solidarit\u00e9.<\/p>\n\n\n\n<p class=\"has-small-font-size\">Bild: pixabay<\/p>\n","protected":false},"excerpt":{"rendered":"<p>Les \u00e9v\u00e9nements destin\u00e9s aux personnes sourdes \u2013 comme les festivals, congr\u00e8s, f\u00eates associatives ou rencontres internationales \u2013 sont des lieux essentiels de&hellip;<\/p>\n","protected":false},"author":1,"featured_media":11493,"comment_status":"closed","ping_status":"open","sticky":false,"template":"","format":"standard","meta":{"_lmt_disableupdate":"","_lmt_disable":"","_price":"","_stock":"","_tribe_ticket_header":"","_tribe_default_ticket_provider":"","_tribe_ticket_capacity":"0","_ticket_start_date":"","_ticket_end_date":"","_tribe_ticket_show_description":"","_tribe_ticket_show_not_going":false,"_tribe_ticket_use_global_stock":"","_tribe_ticket_global_stock_level":"","_global_stock_mode":"","_global_stock_cap":"","_tribe_rsvp_for_event":"","_tribe_ticket_going_count":"","_tribe_ticket_not_going_count":"","_tribe_tickets_list":"[]","_tribe_ticket_has_attendee_info_fields":false,"_EventAllDay":false,"_EventTimezone":"","_EventStartDate":"","_EventEndDate":"","_EventStartDateUTC":"","_EventEndDateUTC":"","_EventShowMap":false,"_EventShowMapLink":false,"_EventURL":"","_EventCost":"","_EventCostDescription":"","_EventCurrencySymbol":"","_EventCurrencyCode":"","_EventCurrencyPosition":"","_EventDateTimeSeparator":"","_EventTimeRangeSeparator":"","_EventOrganizerID":[],"_EventVenueID":[],"_OrganizerEmail":"","_OrganizerPhone":"","_OrganizerWebsite":"","_VenueAddress":"","_VenueCity":"","_VenueCountry":"","_VenueProvince":"","_VenueState":"","_VenueZip":"","_VenuePhone":"","_VenueURL":"","_VenueStateProvince":"","_VenueLat":"","_VenueLng":"","_VenueShowMap":false,"_VenueShowMapLink":false,"footnotes":""},"categories":[221],"tags":[],"class_list":["post-11497","post","type-post","status-publish","format-standard","has-post-thumbnail","hentry","category-ratgeber-fr"],"_links":{"self":[{"href":"https:\/\/deaf24.com\/fr\/wp-json\/wp\/v2\/posts\/11497","targetHints":{"allow":["GET"]}}],"collection":[{"href":"https:\/\/deaf24.com\/fr\/wp-json\/wp\/v2\/posts"}],"about":[{"href":"https:\/\/deaf24.com\/fr\/wp-json\/wp\/v2\/types\/post"}],"author":[{"embeddable":true,"href":"https:\/\/deaf24.com\/fr\/wp-json\/wp\/v2\/users\/1"}],"replies":[{"embeddable":true,"href":"https:\/\/deaf24.com\/fr\/wp-json\/wp\/v2\/comments?post=11497"}],"version-history":[{"count":2,"href":"https:\/\/deaf24.com\/fr\/wp-json\/wp\/v2\/posts\/11497\/revisions"}],"predecessor-version":[{"id":12121,"href":"https:\/\/deaf24.com\/fr\/wp-json\/wp\/v2\/posts\/11497\/revisions\/12121"}],"wp:featuredmedia":[{"embeddable":true,"href":"https:\/\/deaf24.com\/fr\/wp-json\/wp\/v2\/media\/11493"}],"wp:attachment":[{"href":"https:\/\/deaf24.com\/fr\/wp-json\/wp\/v2\/media?parent=11497"}],"wp:term":[{"taxonomy":"category","embeddable":true,"href":"https:\/\/deaf24.com\/fr\/wp-json\/wp\/v2\/categories?post=11497"},{"taxonomy":"post_tag","embeddable":true,"href":"https:\/\/deaf24.com\/fr\/wp-json\/wp\/v2\/tags?post=11497"}],"curies":[{"name":"wp","href":"https:\/\/api.w.org\/{rel}","templated":true}]}}