{"id":7385,"date":"2025-05-04T18:29:27","date_gmt":"2025-05-04T16:29:27","guid":{"rendered":"https:\/\/deaf24.com\/leben-als-gehoerloser-im-kriegsgebiet-gaza\/"},"modified":"2025-05-05T16:15:25","modified_gmt":"2025-05-05T14:15:25","slug":"vivir-como-sordo-en-la-zona-de-guerra-de-gaza","status":"publish","type":"post","link":"https:\/\/deaf24.com\/es\/vivir-como-sordo-en-la-zona-de-guerra-de-gaza\/","title":{"rendered":"Vivir como sordo en la zona de guerra de Gaza"},"content":{"rendered":"\n<p>La guerra en Gaza afecta gravemente a todas las personas. Pero para las personas sordas, es a\u00fan m\u00e1s dif\u00edcil. No pueden escuchar las alertas, las sirenas, ni las instrucciones. Uno de ellos es <strong>Bassem Al-Habal<\/strong>. Vive con su familia en una escuela que ha sido convertida en refugio. Todos los d\u00edas lucha por sobrevivir, y muestra al mundo a trav\u00e9s de v\u00eddeos en lengua de se\u00f1as c\u00f3mo es la vida en tiempos de guerra.<\/p>\n\n\n\n<!--more-->\n\n\n\n<p><\/p>\n\n\n\n<figure class=\"wp-block-embed is-type-rich is-provider-gestor-del-servicio wp-block-embed-gestor-del-servicio wp-embed-aspect-4-3 wp-has-aspect-ratio\"><div class=\"wp-block-embed__wrapper\">\n<iframe title=\"Sign Language Stories from Gaza: Bassem Al-Habal | News Flash | United Nations\" width=\"1170\" height=\"878\" src=\"https:\/\/www.youtube.com\/embed\/ka5Jzk3DW9g?feature=oembed\" frameborder=\"0\" allow=\"accelerometer; autoplay; clipboard-write; encrypted-media; gyroscope; picture-in-picture; web-share\" referrerpolicy=\"strict-origin-when-cross-origin\" allowfullscreen><\/iframe>\n<\/div><\/figure>\n\n\n\n<p><\/p>\n\n\n\n<h2 class=\"wp-block-heading\">V\u00eddeos desde la zona de guerra \u2013 en lengua de se\u00f1as<\/h2>\n\n\n\n<p>Bassem Al-Habal es sordo. Todos los d\u00edas graba su vida en la zona de guerra y la muestra en <strong>Instagram<\/strong>. Utiliza <strong>lengua de se\u00f1as europea<\/strong> para que muchas personas puedan entenderlo. Quiere mostrar lo que realmente est\u00e1 ocurriendo en Gaza. Sus v\u00eddeos ya alcanzan m\u00e1s de <strong>25,000 seguidores<\/strong>.<\/p>\n\n\n\n<p>Bassem dice:<\/p>\n\n\n\n<blockquote class=\"wp-block-quote is-layout-flow wp-block-quote-is-layout-flow\">\n<p>\u00abQuer\u00eda enviar un mensaje a la comunidad sorda de todo el mundo. Grabo mi vida, incluso cuando caen bombas.\u00bb<\/p>\n<\/blockquote>\n\n\n\n<p>\u00c9l compara su trabajo con el periodismo, pero adaptado a las personas sordas y con discapacidades.<\/p>\n\n\n\n<h2 class=\"wp-block-heading\">Ayuda de su cu\u00f1ada<\/h2>\n\n\n\n<p>Bassem no puede comunicarse con todas las personas. Por eso, su <strong>cu\u00f1ada Ghalia Al-Kilani<\/strong> le ayuda. Ella aprendi\u00f3 lengua de se\u00f1as porque su hermana tambi\u00e9n es sorda. Ghalia traduce por Bassem y le ayuda a llevar su mensaje al mundo. Ella graba, traduce y lo apoya incluso en entrevistas, como la que tuvo con <strong>UN News<\/strong>.<\/p>\n\n\n\n<h2 class=\"wp-block-heading\">Huida, hambre, miedo \u2013 la vida diaria<\/h2>\n\n\n\n<p>Hace siete meses, Bassem tuvo que huir del <strong>norte de la franja de Gaza<\/strong>. Desde entonces vive con su familia en un aula. All\u00ed apenas tienen comida, agua potable ni medicinas. \u00c9l comenta:<\/p>\n\n\n\n<blockquote class=\"wp-block-quote is-layout-flow wp-block-quote-is-layout-flow\">\n<p>\u00abEstoy muy cansado y tengo mucho miedo. Temo por mi esposa y mi hija.\u00bb<\/p>\n<\/blockquote>\n\n\n\n<p>En sus viajes, a veces Bassem recibe ayuda en forma de <strong>harina<\/strong> de la <strong>Agencia de la ONU para los Refugiados Palestinos (UNRWA)<\/strong>. Pero la ayuda es escasa, porque hay tantas personas necesitadas. <strong>Alrededor de 1,7 millones de personas<\/strong> han sido desplazadas en Gaza, y la mitad de ellas son ni\u00f1os.<\/p>\n\n\n\n<h2 class=\"wp-block-heading\">Sordos en medio de los bombardeos<\/h2>\n\n\n\n<p>Para las personas sordas, la guerra es especialmente peligrosa. No <strong>escuchan las bombas<\/strong>, <strong>no entienden las advertencias<\/strong> y a menudo no saben a d\u00f3nde ir. Bassem lleva un aud\u00edfono, pero le ayuda muy poco; solo escucha un <strong>eco d\u00e9bil<\/strong>.<\/p>\n\n\n\n<p>Cuenta que <strong>amigos sordos en el norte<\/strong> murieron porque no escucharon los bombardeos ni las instrucciones, y cuando intentaron huir, algunos fueron <strong>alcanzados por disparos<\/strong>.<\/p>\n\n\n\n<blockquote class=\"wp-block-quote is-layout-flow wp-block-quote-is-layout-flow\">\n<p>\u00ab\u00bfPor qu\u00e9 el mundo est\u00e1 mirando y no dice nada?\u00bb se pregunta Bassem.<\/p>\n<\/blockquote>\n\n\n\n<h2 class=\"wp-block-heading\">Esperanza a trav\u00e9s de las redes sociales<\/h2>\n\n\n\n<p>A pesar de toda la adversidad, Bassem no se rinde. Quiere ayudar a los dem\u00e1s. Si ve <strong>ni\u00f1os tristes<\/strong> en la calle, trata de hacerlos sonre\u00edr.<\/p>\n\n\n\n<blockquote class=\"wp-block-quote is-layout-flow wp-block-quote-is-layout-flow\">\n<p>\u00abLo importante es que los ni\u00f1os sean felices y no tengan miedo.\u00bb<\/p>\n<\/blockquote>\n\n\n\n<p>Tambi\u00e9n sigue buscando trabajo, aunque es casi imposible. Su cu\u00f1ada Ghalia lo ayuda a compartir sus observaciones en lengua de se\u00f1as. Juntos llegan a muchas personas por Internet.<\/p>\n\n\n\n<h2 class=\"wp-block-heading\">Conclusi\u00f3n: Una voz poderosa para los sordos en Gaza<\/h2>\n\n\n\n<p>Bassem Al-Habal es m\u00e1s que un sobreviviente. Es un <strong>portavoz de las personas sordas en la guerra<\/strong>. Muestra al mundo lo que est\u00e1 ocurriendo en Gaza, <strong>en lengua de se\u00f1as<\/strong>. A pesar del miedo, el hambre y el peligro, se mantiene valiente y comprometido. Su mensaje es claro:<br><strong>Las personas sordas tambi\u00e9n tienen derecho a ser escuchadas.<\/strong><\/p>\n\n\n\n<p class=\"has-small-font-size\">Foto: UN-Nachrichten<\/p>\n\n\n\n<p><\/p>\n","protected":false},"excerpt":{"rendered":"<p>La guerra en Gaza afecta gravemente a todas las personas. Pero para las personas sordas, es a\u00fan m\u00e1s dif\u00edcil. No pueden escuchar&hellip;<\/p>\n","protected":false},"author":1,"featured_media":7380,"comment_status":"closed","ping_status":"open","sticky":false,"template":"","format":"standard","meta":{"_lmt_disableupdate":"","_lmt_disable":"","_price":"","_stock":"","_tribe_ticket_header":"","_tribe_default_ticket_provider":"","_tribe_ticket_capacity":"0","_ticket_start_date":"","_ticket_end_date":"","_tribe_ticket_show_description":"","_tribe_ticket_show_not_going":false,"_tribe_ticket_use_global_stock":"","_tribe_ticket_global_stock_level":"","_global_stock_mode":"","_global_stock_cap":"","_tribe_rsvp_for_event":"","_tribe_ticket_going_count":"","_tribe_ticket_not_going_count":"","_tribe_tickets_list":"[]","_tribe_ticket_has_attendee_info_fields":false,"_EventAllDay":false,"_EventTimezone":"","_EventStartDate":"","_EventEndDate":"","_EventStartDateUTC":"","_EventEndDateUTC":"","_EventShowMap":false,"_EventShowMapLink":false,"_EventURL":"","_EventCost":"","_EventCostDescription":"","_EventCurrencySymbol":"","_EventCurrencyCode":"","_EventCurrencyPosition":"","_EventDateTimeSeparator":"","_EventTimeRangeSeparator":"","_EventOrganizerID":[],"_EventVenueID":[],"_OrganizerEmail":"","_OrganizerPhone":"","_OrganizerWebsite":"","_VenueAddress":"","_VenueCity":"","_VenueCountry":"","_VenueProvince":"","_VenueState":"","_VenueZip":"","_VenuePhone":"","_VenueURL":"","_VenueStateProvince":"","_VenueLat":"","_VenueLng":"","_VenueShowMap":false,"_VenueShowMapLink":false,"footnotes":""},"categories":[201],"tags":[],"class_list":["post-7385","post","type-post","status-publish","format-standard","has-post-thumbnail","hentry","category-politik-es"],"_links":{"self":[{"href":"https:\/\/deaf24.com\/es\/wp-json\/wp\/v2\/posts\/7385","targetHints":{"allow":["GET"]}}],"collection":[{"href":"https:\/\/deaf24.com\/es\/wp-json\/wp\/v2\/posts"}],"about":[{"href":"https:\/\/deaf24.com\/es\/wp-json\/wp\/v2\/types\/post"}],"author":[{"embeddable":true,"href":"https:\/\/deaf24.com\/es\/wp-json\/wp\/v2\/users\/1"}],"replies":[{"embeddable":true,"href":"https:\/\/deaf24.com\/es\/wp-json\/wp\/v2\/comments?post=7385"}],"version-history":[{"count":0,"href":"https:\/\/deaf24.com\/es\/wp-json\/wp\/v2\/posts\/7385\/revisions"}],"wp:featuredmedia":[{"embeddable":true,"href":"https:\/\/deaf24.com\/es\/wp-json\/wp\/v2\/media\/7380"}],"wp:attachment":[{"href":"https:\/\/deaf24.com\/es\/wp-json\/wp\/v2\/media?parent=7385"}],"wp:term":[{"taxonomy":"category","embeddable":true,"href":"https:\/\/deaf24.com\/es\/wp-json\/wp\/v2\/categories?post=7385"},{"taxonomy":"post_tag","embeddable":true,"href":"https:\/\/deaf24.com\/es\/wp-json\/wp\/v2\/tags?post=7385"}],"curies":[{"name":"wp","href":"https:\/\/api.w.org\/{rel}","templated":true}]}}