{"id":7223,"date":"2025-05-02T12:50:03","date_gmt":"2025-05-02T10:50:03","guid":{"rendered":"https:\/\/deaf24.com\/?p=7223"},"modified":"2025-05-02T12:50:07","modified_gmt":"2025-05-02T10:50:07","slug":"rente-mit-67-65-oder-70-was-gehorlose-wissen-mussen","status":"publish","type":"post","link":"https:\/\/deaf24.com\/es\/rente-mit-67-65-oder-70-was-gehorlose-wissen-mussen\/","title":{"rendered":"Rente mit 67, 65 oder 70? Was Geh\u00f6rlose wissen m\u00fcssen"},"content":{"rendered":"\n<h2 class=\"wp-block-heading\">Gerne \u2013 hier ist ein ausf\u00fchrlich \u00fcberar<\/h2>\n\n\n\n<p>In sozialen Medien verbreiten Finanzberater aktuell die Behauptung, dass die Rente in Deutschland bald erst mit 70 Jahren m\u00f6glich sein soll. Besonders geh\u00f6rlose Menschen werden dabei oft mit Halbwissen oder Angst angesprochen. Deshalb m\u00f6chten wir von Deaf24 neutral und verst\u00e4ndlich erkl\u00e4ren:<\/p>\n\n\n\n<ul class=\"wp-block-list\">\n<li>Wie funktioniert die gesetzliche Rente wirklich?<\/li>\n\n\n\n<li>Was gilt f\u00fcr Schwerbehinderte \u2013 also auch viele Geh\u00f6rlose?<\/li>\n\n\n\n<li>Und: Braucht man wirklich eine private Vorsorge?<\/li>\n<\/ul>\n\n\n\n<h2 class=\"wp-block-heading\"><strong>Gesetzliche Rente \u2013 kurz erkl\u00e4rt<\/strong><\/h2>\n\n\n\n<p>In Deutschland gibt es eine gesetzliche Rentenversicherung. Wer arbeitet, zahlt jeden Monat Beitr\u00e4ge ein. Sp\u00e4ter bekommt man daf\u00fcr eine monatliche Altersrente. Wie hoch diese Rente ist, h\u00e4ngt davon ab:<\/p>\n\n\n\n<ul class=\"wp-block-list\">\n<li><strong>Wie lange<\/strong> man gearbeitet hat.<\/li>\n\n\n\n<li><strong>Wie viel<\/strong> man verdient hat.<\/li>\n\n\n\n<li>Ob man <strong>Ausfallzeiten<\/strong> hatte (z.\u202fB. Kindererziehung, Krankheit).<\/li>\n\n\n\n<li>Ob man <strong>fr\u00fcher oder sp\u00e4ter<\/strong> in Rente geht.<\/li>\n<\/ul>\n\n\n\n<h2 class=\"wp-block-heading\"><strong>Ab wann kann man in Rente gehen?<\/strong><\/h2>\n\n\n\n<p>Das Rentenalter ist nicht f\u00fcr alle gleich. Hier die wichtigsten Regeln:<\/p>\n\n\n\n<figure class=\"wp-block-table\"><div class=\"pcrstb-wrap\"><table class=\"has-fixed-layout\"><thead><tr><th>Gruppe<\/th><th>Rente ohne Abschl\u00e4ge<\/th><th>Fr\u00fchere Rente mit Abschl\u00e4gen<\/th><\/tr><\/thead><tbody><tr><td><strong>Alle ohne Schwerbehinderung<\/strong><\/td><td>67 Jahre<\/td><td>ab 63 Jahren<\/td><\/tr><tr><td><strong>Menschen mit Schwerbehinderung (mind. GdB 50)<\/strong><\/td><td>65 Jahre<\/td><td>ab 62 Jahren<\/td><\/tr><\/tbody><\/table><\/div><\/figure>\n\n\n\n<p><strong>Achtung:<\/strong> Die genauen Altersgrenzen h\u00e4ngen vom Geburtsjahr ab. Die Deutsche Rentenversicherung hilft hier mit einer individuellen Auskunft.<\/p>\n\n\n\n<h2 class=\"wp-block-heading\"><strong>Was hei\u00dft \u201emit Abschl\u00e4gen\u201c?<\/strong><\/h2>\n\n\n\n<p>Wer vor dem regul\u00e4ren Rentenalter in Rente geht, bekommt <strong>weniger Geld pro Monat<\/strong>. Es gibt einen Abzug von <strong>0,3\u202f% pro Monat<\/strong> (also 3,6\u202f% pro Jahr) dauerhaft \u2013 f\u00fcr den Rest des Lebens. Das ist gesetzlich so geregelt. Beispiel:<\/p>\n\n\n\n<ul class=\"wp-block-list\">\n<li>Rentenbeginn mit 64 statt 65 = 3,6\u202f% weniger Rente<\/li>\n\n\n\n<li>Rentenbeginn mit 62 statt 65 = 10,8\u202f% weniger Rente<\/li>\n<\/ul>\n\n\n\n<h2 class=\"wp-block-heading\"><strong>Geh\u00f6rlose und Rente: Schwerbehinderung hilft \u2013 aber nicht automatisch<\/strong><\/h2>\n\n\n\n<p>Viele Geh\u00f6rlose haben einen <strong>Grad der Behinderung (GdB) von 50 oder mehr<\/strong>. Damit gelten sie als schwerbehindert. Diese Menschen d\u00fcrfen 2 Jahre fr\u00fcher abschlagsfrei in Rente gehen. Das ist ein Vorteil \u2013 aber:<\/p>\n\n\n\n<ul class=\"wp-block-list\">\n<li><strong>Man bekommt nicht automatisch mehr Geld.<\/strong><\/li>\n\n\n\n<li>Im Gegenteil: Wer fr\u00fcher geht, hat <strong>weniger Rentenpunkte<\/strong>, weil er k\u00fcrzer arbeitet.<\/li>\n<\/ul>\n\n\n\n<p><strong>Falsch ist also die Vorstellung: \u201eMit Schwerbehinderung bekomme ich automatisch mehr Rente.\u201c<\/strong> Die monatliche Rente kann sogar niedriger sein, wenn man fr\u00fch geht.<\/p>\n\n\n\n<h2 class=\"wp-block-heading\"><strong>Diskussion: Rente mit 70 \u2013 was ist da dran?<\/strong><\/h2>\n\n\n\n<p>Einige Politiker und Wirtschaftsexperten sprechen \u00fcber eine m\u00f6gliche Erh\u00f6hung des Rentenalters auf 70 Jahre. Grund: Die Menschen werden \u00e4lter, aber es gibt weniger junge Beitragszahler. <strong>Bisher ist das nur eine Idee \u2013 keine Entscheidung.<\/strong><\/p>\n\n\n\n<p>Die gesetzliche Regelung bleibt (Stand Mai 2025):<\/p>\n\n\n\n<ul class=\"wp-block-list\">\n<li>Rente mit 67 f\u00fcr alle (schrittweise eingef\u00fchrt seit 2007).<\/li>\n\n\n\n<li>F\u00fcr Schwerbehinderte: abschlagsfrei ab 65.<\/li>\n<\/ul>\n\n\n\n<p>Eine Erh\u00f6hung auf 70 Jahre ist <strong>noch nicht beschlossen<\/strong> und w\u00fcrde viele Jahre Vorlaufzeit brauchen.<\/p>\n\n\n\n<h2 class=\"wp-block-heading\"><strong>Reicht die gesetzliche Rente aus?<\/strong><\/h2>\n\n\n\n<p>Ob die gesetzliche Rente im Alter reicht, ist sehr unterschiedlich:<\/p>\n\n\n\n<ul class=\"wp-block-list\">\n<li>Wer viele Jahre gearbeitet und gut verdient hat, bekommt meist genug.<\/li>\n\n\n\n<li>Wer lange krank war, oft arbeitslos oder in Teilzeit gearbeitet hat, bekommt weniger.<\/li>\n\n\n\n<li>Frauen, Alleinerziehende und Menschen mit Behinderung haben oft weniger Rente.<\/li>\n<\/ul>\n\n\n\n<p><strong>Deshalb kann private Vorsorge wichtig sein \u2013 aber sie ist nicht immer zwingend n\u00f6tig.<\/strong><\/p>\n\n\n\n<h2 class=\"wp-block-heading\"><strong>Private Vorsorge \u2013 sinnvoll, aber nicht \u00fcberst\u00fcrzt<\/strong><\/h2>\n\n\n\n<p>Viele Finanzberater empfehlen private Altersvorsorge. Das kann sinnvoll sein \u2013 aber man sollte <strong>genau pr\u00fcfen, ob und was wirklich passt<\/strong>:<\/p>\n\n\n\n<h3 class=\"wp-block-heading\"><strong>M\u00f6glichkeiten:<\/strong><\/h3>\n\n\n\n<ul class=\"wp-block-list\">\n<li>Riester-Rente (mit F\u00f6rderung vom Staat)<\/li>\n\n\n\n<li>Betriebsrente (\u00fcber den Arbeitgeber)<\/li>\n\n\n\n<li>Private Rentenversicherung<\/li>\n\n\n\n<li>Sparplan oder ETF (f\u00fcr Fortgeschrittene)<\/li>\n<\/ul>\n\n\n\n<h3 class=\"wp-block-heading\"><strong>Wichtig dabei:<\/strong><\/h3>\n\n\n\n<ul class=\"wp-block-list\">\n<li>Produkte vergleichen<\/li>\n\n\n\n<li>Keine hohen Geb\u00fchren zahlen<\/li>\n\n\n\n<li>Vertr\u00e4ge gut verstehen (am besten in Geb\u00e4rdensprache erkl\u00e4rt)<\/li>\n\n\n\n<li>Nicht aus Angst oder Zeitdruck unterschreiben<\/li>\n<\/ul>\n\n\n\n<h2 class=\"wp-block-heading\"><strong>Unser Tipp: Unabh\u00e4ngige Beratung suchen<\/strong><\/h2>\n\n\n\n<p>Viele Geh\u00f6rlose vertrauen auf Tipps in sozialen Medien oder von Bekannten. Doch nicht jeder Berater ist unabh\u00e4ngig. <strong>Manche wollen nur verkaufen<\/strong> \u2013 oft mit Angst (\u201eRente reicht nicht!\u201c) oder Druck (\u201eDu musst jetzt handeln!\u201c).<\/p>\n\n\n\n<h3 class=\"wp-block-heading\"><strong>Deshalb empfehlen wir:<\/strong><\/h3>\n\n\n\n<ul class=\"wp-block-list\">\n<li>Deutsche Rentenversicherung: bietet <strong>kostenlose Rentenauskunft<\/strong> und Beratung<\/li>\n\n\n\n<li>Sozialverb\u00e4nde wie <strong>VdK<\/strong> oder <strong>SoVD<\/strong><\/li>\n\n\n\n<li>Verbraucherzentrale: <strong>unabh\u00e4ngig<\/strong>, keine Verkaufsabsicht<\/li>\n<\/ul>\n\n\n\n<p>Am besten ist es, wenn die Beratung in <strong>leichter Sprache<\/strong> oder mit <strong>Geb\u00e4rdensprachdolmetscher<\/strong> erfolgt. Daf\u00fcr kann man auch Anspruch auf Kostenerstattung pr\u00fcfen.<\/p>\n\n\n\n<h2 class=\"wp-block-heading\"><strong>Fazit<\/strong><\/h2>\n\n\n\n<p>Die Rente in Deutschland ist ein komplexes Thema. Viele Aussagen im Internet sind vereinfacht oder irref\u00fchrend. Wichtig ist:<\/p>\n\n\n\n<ul class=\"wp-block-list\">\n<li>Geh\u00f6rlose mit Schwerbehinderung haben Vorteile beim Renteneintritt, aber nicht automatisch mehr Geld.<\/li>\n\n\n\n<li>Wer fr\u00fcher geht, bekommt weniger Rente.<\/li>\n\n\n\n<li>Eine Erh\u00f6hung auf 70 Jahre ist <strong>nicht beschlossen<\/strong> \u2013 derzeit gilt Rente mit 67.<\/li>\n\n\n\n<li>Private Vorsorge kann sinnvoll sein, muss aber zu dir passen.<\/li>\n\n\n\n<li>Lass dich neutral beraten \u2013 am besten mit Dolmetscher oder leicht verst\u00e4ndlich.<\/li>\n<\/ul>\n\n\n\n<p>Bild von Steve Buissinne auf Pixabay<\/p>\n","protected":false},"excerpt":{"rendered":"<p>Gerne \u2013 hier ist ein ausf\u00fchrlich \u00fcberar In sozialen Medien verbreiten Finanzberater aktuell die Behauptung, dass die Rente in Deutschland bald erst&hellip;<\/p>\n","protected":false},"author":1,"featured_media":7224,"comment_status":"closed","ping_status":"open","sticky":false,"template":"","format":"standard","meta":{"_lmt_disableupdate":"","_lmt_disable":"","_price":"","_stock":"","_tribe_ticket_header":"","_tribe_default_ticket_provider":"","_tribe_ticket_capacity":"0","_ticket_start_date":"","_ticket_end_date":"","_tribe_ticket_show_description":"","_tribe_ticket_show_not_going":false,"_tribe_ticket_use_global_stock":"","_tribe_ticket_global_stock_level":"","_global_stock_mode":"","_global_stock_cap":"","_tribe_rsvp_for_event":"","_tribe_ticket_going_count":"","_tribe_ticket_not_going_count":"","_tribe_tickets_list":"[]","_tribe_ticket_has_attendee_info_fields":false,"_EventAllDay":false,"_EventTimezone":"","_EventStartDate":"","_EventEndDate":"","_EventStartDateUTC":"","_EventEndDateUTC":"","_EventShowMap":false,"_EventShowMapLink":false,"_EventURL":"","_EventCost":"","_EventCostDescription":"","_EventCurrencySymbol":"","_EventCurrencyCode":"","_EventCurrencyPosition":"","_EventDateTimeSeparator":"","_EventTimeRangeSeparator":"","_EventOrganizerID":[],"_EventVenueID":[],"_OrganizerEmail":"","_OrganizerPhone":"","_OrganizerWebsite":"","_VenueAddress":"","_VenueCity":"","_VenueCountry":"","_VenueProvince":"","_VenueState":"","_VenueZip":"","_VenuePhone":"","_VenueURL":"","_VenueStateProvince":"","_VenueLat":"","_VenueLng":"","_VenueShowMap":false,"_VenueShowMapLink":false,"footnotes":""},"categories":[220],"tags":[],"class_list":["post-7223","post","type-post","status-publish","format-standard","has-post-thumbnail","hentry","category-ratgeber-es"],"_links":{"self":[{"href":"https:\/\/deaf24.com\/es\/wp-json\/wp\/v2\/posts\/7223","targetHints":{"allow":["GET"]}}],"collection":[{"href":"https:\/\/deaf24.com\/es\/wp-json\/wp\/v2\/posts"}],"about":[{"href":"https:\/\/deaf24.com\/es\/wp-json\/wp\/v2\/types\/post"}],"author":[{"embeddable":true,"href":"https:\/\/deaf24.com\/es\/wp-json\/wp\/v2\/users\/1"}],"replies":[{"embeddable":true,"href":"https:\/\/deaf24.com\/es\/wp-json\/wp\/v2\/comments?post=7223"}],"version-history":[{"count":0,"href":"https:\/\/deaf24.com\/es\/wp-json\/wp\/v2\/posts\/7223\/revisions"}],"wp:featuredmedia":[{"embeddable":true,"href":"https:\/\/deaf24.com\/es\/wp-json\/wp\/v2\/media\/7224"}],"wp:attachment":[{"href":"https:\/\/deaf24.com\/es\/wp-json\/wp\/v2\/media?parent=7223"}],"wp:term":[{"taxonomy":"category","embeddable":true,"href":"https:\/\/deaf24.com\/es\/wp-json\/wp\/v2\/categories?post=7223"},{"taxonomy":"post_tag","embeddable":true,"href":"https:\/\/deaf24.com\/es\/wp-json\/wp\/v2\/tags?post=7223"}],"curies":[{"name":"wp","href":"https:\/\/api.w.org\/{rel}","templated":true}]}}