{"id":13412,"date":"2026-03-29T15:43:15","date_gmt":"2026-03-29T13:43:15","guid":{"rendered":"https:\/\/deaf24.com\/sumain-wer-gehort-dazu-und-was-bedeutet-es\/"},"modified":"2026-03-29T16:42:45","modified_gmt":"2026-03-29T14:42:45","slug":"sumain-wer-gehort-dazu-und-was-bedeutet-es","status":"publish","type":"post","link":"https:\/\/deaf24.com\/es\/sumain-wer-gehort-dazu-und-was-bedeutet-es\/","title":{"rendered":"Sumain \u2013 Wer geh\u00f6rt dazu und was bedeutet es?"},"content":{"rendered":"\n<p><strong>Sumain<\/strong> ist ein neues Wort. Es kommt aus zwei Sprachen:<\/p>\n\n\n\n<ul class=\"wp-block-list\">\n<li>Spanisch: \u201e<strong>su<\/strong>\u201c bedeutet \u201edein\u201c oder \u201eihr\u201c.<\/li>\n\n\n\n<li>Franz\u00f6sisch: \u201e<strong>main<\/strong>\u201c bedeutet \u201eHand\u201c.<\/li>\n<\/ul>\n\n\n\n<p>Zusammen hei\u00dft es also \u201edeine Hand\u201c. Aber in der Geh\u00f6rlosenkultur bedeutet <strong>Sumain<\/strong> viel mehr. Es beschreibt Menschen, die vor allem <strong>Geb\u00e4rdensprache<\/strong> benutzen. Sie f\u00fchlen sich stark verbunden mit anderen, die Geb\u00e4rdensprache nutzen. Dabei ist es egal, ob sie gut h\u00f6ren, kaum h\u00f6ren oder gar nicht h\u00f6ren.<\/p>\n\n\n\n<!--more-->\n\n\n\n<p>&nbsp;<\/p>\n\n\n\n<figure class=\"wp-block-embed is-type-video is-provider-youtube wp-block-embed-youtube wp-embed-aspect-16-9 wp-has-aspect-ratio\"><div class=\"wp-block-embed__wrapper\">\n<iframe title=\"Sumain avec Ryan Commerson.\" width=\"1170\" height=\"658\" src=\"https:\/\/www.youtube.com\/embed\/uGO_p14zZIg?feature=oembed\" frameborder=\"0\" allow=\"accelerometer; autoplay; clipboard-write; encrypted-media; gyroscope; picture-in-picture; web-share\" referrerpolicy=\"strict-origin-when-cross-origin\" allowfullscreen><\/iframe>\n<\/div><\/figure>\n\n\n\n<p>&nbsp;<\/p>\n\n\n\n<h2 class=\"wp-block-heading\">Woher kommt das Wort?<\/h2>\n\n\n\n<p>Der Begriff <strong>Sumain<\/strong> wurde von <strong>Ryan Commerson<\/strong> gepr\u00e4gt. Er ist ein Film-Macher aus den USA. In seinem Film <em>Beyond Inclusion<\/em> (2016) sprach er \u00fcber die Kultur der Geh\u00f6rlosen. Er wollte zeigen: Es geht nicht nur um <strong>H\u00f6ren oder Nicht-H\u00f6ren<\/strong>. Es geht um <strong>Identit\u00e4t<\/strong> und <strong>Kultur<\/strong>.<\/p>\n\n\n\n<p>Man nennt diese Kultur auch <strong>Deafhood<\/strong>. Das bedeutet: stolz sein auf die eigene Sprache und Kultur als Geh\u00f6rlose Person.<\/p>\n\n\n\n<p>Viele Menschen f\u00fchlen sich durch W\u00f6rter wie \u201egeh\u00f6rlos\u201c oder \u201etaub\u201c nicht richtig beschrieben. Diese W\u00f6rter zeigen oft nur das <strong>Fehlen von H\u00f6ren<\/strong>. Sie sagen nichts \u00fcber Kultur oder Gemeinschaft. <strong>Sumain<\/strong> ist anders. Es beschreibt <strong>die Gemeinschaft und die Kultur<\/strong>, nicht nur die H\u00f6rf\u00e4higkeit.<\/p>\n\n\n\n<p>&nbsp;<\/p>\n\n\n\n<h2 class=\"wp-block-heading\">Sumain in Deutschland und Europa<\/h2>\n\n\n\n<p>In Deutschland und anderen europ\u00e4ischen L\u00e4ndern kennen noch nicht viele Menschen das Wort. Einige Aktivisten benutzen es schon. Zum Beispiel <strong>Pascal Smith<\/strong> aus La R\u00e9union. Er spricht auf Vortr\u00e4gen \u00fcber Sumain und ist Mitglied von <em>Sumain R\u00e9nyon\u00e9<\/em>, einem Verein f\u00fcr Menschen, die Geb\u00e4rdensprache nutzen.<\/p>\n\n\n\n<p>Es gibt Diskussionen: Soll Sumain den Begriff <strong>Sourd<\/strong> ersetzen? Sourd bedeutet <strong>kulturell geh\u00f6rlos<\/strong>. Oder soll Sumain <strong>nur erg\u00e4nzen<\/strong>?<br>Bisher ist das Wort in Deutschland noch selten in Gebrauch. Aber es gewinnt langsam an Bedeutung \u2013 besonders bei <strong>Aktivisten<\/strong> und <strong>K\u00fcnstlern<\/strong>.<\/p>\n\n\n\n<p>&nbsp;<\/p>\n\n\n\n<h2 class=\"wp-block-heading\">Warum ist Sumain wichtig?<\/h2>\n\n\n\n<p>Sumain zeigt: Geh\u00f6rlose Menschen sind <strong>eine eigene kulturelle Gruppe<\/strong>. Sie haben ihre Sprache, ihre Br\u00e4uche und ihre Gemeinschaft.<\/p>\n\n\n\n<p>Das Wort hilft dabei:<\/p>\n\n\n\n<ul class=\"wp-block-list\">\n<li><strong>Stolz auf die eigene Kultur<\/strong> zu zeigen.<\/li>\n\n\n\n<li><strong>Petitionen<\/strong> und <strong>Social-Media-Kampagnen<\/strong> f\u00fcr Geh\u00f6rlose zu unterst\u00fctzen.<\/li>\n\n\n\n<li>Missverst\u00e4ndnisse zu vermeiden: Menschen werden nicht nur durch ihr H\u00f6ren definiert.<\/li>\n<\/ul>\n\n\n\n<p>Viele Geh\u00f6rlose und Sumains nutzen das Wort in <strong>Instagram-Beitr\u00e4gen<\/strong> oder auf anderen Plattformen. Zum Beispiel <strong>@zoejux<\/strong>, eine K\u00fcnstlerin, schreibt \u00fcber Sumain. So verbreitet sich das Wort immer mehr.<\/p>\n\n\n\n<p>&nbsp;<\/p>\n\n\n\n<h2 class=\"wp-block-heading\">Sumain f\u00fcr Bildung und Social Media<\/h2>\n\n\n\n<p>Wenn du \u00fcber <strong>Geh\u00f6rlosenkultur<\/strong> sprichst, kann Sumain helfen:<\/p>\n\n\n\n<ul class=\"wp-block-list\">\n<li>Es erkl\u00e4rt <strong>Gemeinschaft<\/strong> und <strong>Kultur<\/strong>.<\/li>\n\n\n\n<li>Es zeigt, dass Geb\u00e4rdensprache <strong>zentral<\/strong> f\u00fcr die Identit\u00e4t ist.<\/li>\n\n\n\n<li>Es ist <strong>positiv<\/strong> und <strong>st\u00e4rkt das Selbstbewusstsein<\/strong> von Geh\u00f6rlosen.<\/li>\n<\/ul>\n\n\n\n<p>Du kannst Sumain in <strong>Schulen<\/strong>, <strong>Vereinen<\/strong> oder auf <strong>Social Media<\/strong> nutzen. Es ist ein gutes Wort, wenn du \u00fcber <strong>Inklusion<\/strong>, <strong>Kultur<\/strong> und <strong>Sprache<\/strong> sprichst.<\/p>\n\n\n\n<p>&nbsp;<\/p>\n\n\n\n<h2 class=\"wp-block-heading\">Zusammenfassung<\/h2>\n\n\n\n<ul class=\"wp-block-list\">\n<li><strong>Sumain<\/strong> = \u201edeine Hand\u201c, aber in der Geh\u00f6rlosenkultur = <strong>Menschen, die Geb\u00e4rdensprache nutzen und ihre Kultur leben<\/strong>.<\/li>\n\n\n\n<li>Gepr\u00e4gt von <strong>Ryan Commerson<\/strong> (USA, Film <em>Beyond Inclusion<\/em>).<\/li>\n\n\n\n<li>Betont <strong>Deafhood<\/strong>: Stolz auf Sprache und Kultur, nicht nur auf H\u00f6rf\u00e4higkeit.<\/li>\n\n\n\n<li>In Deutschland noch selten, aber von Aktivisten wie <strong>Pascal Smith<\/strong> genutzt.<\/li>\n\n\n\n<li>Hilfreich f\u00fcr <strong>Advocacy<\/strong>, <strong>Social Media<\/strong> und <strong>Bildung<\/strong>.<\/li>\n\n\n\n<li>St\u00e4rkt das <strong>Selbstbewusstsein<\/strong> von Menschen, die Geb\u00e4rdensprache nutzen.<\/li>\n<\/ul>\n\n\n\n<p><strong>Fazit:<\/strong> Sumain ist mehr als ein Wort. Es ist ein Symbol f\u00fcr <strong>Sprache, Kultur und Gemeinschaft<\/strong> der Geh\u00f6rlosen.<\/p>\n\n\n\n<p><strong><a href=\"https:\/\/www.instagram.com\/sumain_deutschland\/\" target=\"_blank\" data-type=\"link\" data-id=\"https:\/\/www.instagram.com\/sumain_deutschland\/\" rel=\"noreferrer noopener\">Mehr Information mit Geb\u00e4rdensprache<\/a><\/strong><\/p>\n\n\n\n<p><strong><a href=\"https:\/\/sumain.co\" data-type=\"link\" data-id=\"sumain.co\" target=\"_blank\" rel=\"noreferrer noopener\">Weiter \u00fcber Sumain<\/a><\/strong><\/p>\n","protected":false},"excerpt":{"rendered":"<p>Sumain ist ein neues Wort. Es kommt aus zwei Sprachen: Zusammen hei\u00dft es also \u201edeine Hand\u201c. Aber in der Geh\u00f6rlosenkultur bedeutet Sumain&hellip;<\/p>\n","protected":false},"author":1,"featured_media":13407,"comment_status":"closed","ping_status":"open","sticky":false,"template":"","format":"standard","meta":{"_lmt_disableupdate":"","_lmt_disable":"","_price":"","_stock":"","_tribe_ticket_header":"","_tribe_default_ticket_provider":"","_tribe_ticket_capacity":"0","_ticket_start_date":"","_ticket_end_date":"","_tribe_ticket_show_description":"","_tribe_ticket_show_not_going":false,"_tribe_ticket_use_global_stock":"","_tribe_ticket_global_stock_level":"","_global_stock_mode":"","_global_stock_cap":"","_tribe_rsvp_for_event":"","_tribe_ticket_going_count":"","_tribe_ticket_not_going_count":"","_tribe_tickets_list":"[]","_tribe_ticket_has_attendee_info_fields":false,"_EventAllDay":false,"_EventTimezone":"","_EventStartDate":"","_EventEndDate":"","_EventStartDateUTC":"","_EventEndDateUTC":"","_EventShowMap":false,"_EventShowMapLink":false,"_EventURL":"","_EventCost":"","_EventCostDescription":"","_EventCurrencySymbol":"","_EventCurrencyCode":"","_EventCurrencyPosition":"","_EventDateTimeSeparator":"","_EventTimeRangeSeparator":"","_EventOrganizerID":[],"_EventVenueID":[],"_OrganizerEmail":"","_OrganizerPhone":"","_OrganizerWebsite":"","_VenueAddress":"","_VenueCity":"","_VenueCountry":"","_VenueProvince":"","_VenueState":"","_VenueZip":"","_VenuePhone":"","_VenueURL":"","_VenueStateProvince":"","_VenueLat":"","_VenueLng":"","_VenueShowMap":false,"_VenueShowMapLink":false,"footnotes":""},"categories":[257],"tags":[],"class_list":["post-13412","post","type-post","status-publish","format-standard","has-post-thumbnail","hentry","category-lenguaje-de-signos"],"_links":{"self":[{"href":"https:\/\/deaf24.com\/es\/wp-json\/wp\/v2\/posts\/13412","targetHints":{"allow":["GET"]}}],"collection":[{"href":"https:\/\/deaf24.com\/es\/wp-json\/wp\/v2\/posts"}],"about":[{"href":"https:\/\/deaf24.com\/es\/wp-json\/wp\/v2\/types\/post"}],"author":[{"embeddable":true,"href":"https:\/\/deaf24.com\/es\/wp-json\/wp\/v2\/users\/1"}],"replies":[{"embeddable":true,"href":"https:\/\/deaf24.com\/es\/wp-json\/wp\/v2\/comments?post=13412"}],"version-history":[{"count":2,"href":"https:\/\/deaf24.com\/es\/wp-json\/wp\/v2\/posts\/13412\/revisions"}],"predecessor-version":[{"id":13423,"href":"https:\/\/deaf24.com\/es\/wp-json\/wp\/v2\/posts\/13412\/revisions\/13423"}],"wp:featuredmedia":[{"embeddable":true,"href":"https:\/\/deaf24.com\/es\/wp-json\/wp\/v2\/media\/13407"}],"wp:attachment":[{"href":"https:\/\/deaf24.com\/es\/wp-json\/wp\/v2\/media?parent=13412"}],"wp:term":[{"taxonomy":"category","embeddable":true,"href":"https:\/\/deaf24.com\/es\/wp-json\/wp\/v2\/categories?post=13412"},{"taxonomy":"post_tag","embeddable":true,"href":"https:\/\/deaf24.com\/es\/wp-json\/wp\/v2\/tags?post=13412"}],"curies":[{"name":"wp","href":"https:\/\/api.w.org\/{rel}","templated":true}]}}