{"id":13410,"date":"2026-03-29T15:43:15","date_gmt":"2026-03-29T13:43:15","guid":{"rendered":"https:\/\/deaf24.com\/sumain-wer-gehort-dazu-und-was-bedeutet-es\/"},"modified":"2026-03-29T16:50:30","modified_gmt":"2026-03-29T14:50:30","slug":"sumain-who-belongs-and-what-does-it-mean","status":"publish","type":"post","link":"https:\/\/deaf24.com\/en\/sumain-who-belongs-and-what-does-it-mean\/","title":{"rendered":"Sumain \u2013 Who belongs and what does it mean?"},"content":{"rendered":"\n<p><strong>Sumain<\/strong> is a new word. It comes from two languages:<\/p>\n\n\n\n<ul class=\"wp-block-list\">\n<li>Spanish: \u201c<strong>su<\/strong>\u201d means \u201cyour\u201d.<\/li>\n\n\n\n<li>French: \u201c<strong>main<\/strong>\u201d means \u201chand\u201d.<\/li>\n<\/ul>\n\n\n\n<p>Together, it means \u201cyour hand\u201d. But in Deaf culture, <strong>Sumain<\/strong> means much more. It describes people who mainly use <strong>sign language<\/strong>. They feel a strong connection with others who use sign language. It does not matter if they hear well, hear a little, or do not hear at all.<\/p>\n\n\n\n<!--more-->\n\n\n\n<p>&nbsp;<\/p>\n\n\n\n<figure class=\"wp-block-embed is-type-video is-provider-youtube wp-block-embed-youtube wp-embed-aspect-16-9 wp-has-aspect-ratio\"><div class=\"wp-block-embed__wrapper\">\n<iframe title=\"Sumain avec Ryan Commerson.\" width=\"1170\" height=\"658\" src=\"https:\/\/www.youtube.com\/embed\/uGO_p14zZIg?feature=oembed\" frameborder=\"0\" allow=\"accelerometer; autoplay; clipboard-write; encrypted-media; gyroscope; picture-in-picture; web-share\" referrerpolicy=\"strict-origin-when-cross-origin\" allowfullscreen><\/iframe>\n<\/div><\/figure>\n\n\n\n<p>&nbsp;<\/p>\n\n\n\n<h2 class=\"wp-block-heading\">Where does the word come from?<\/h2>\n\n\n\n<p>The word <strong>Sumain<\/strong> was created by <strong>Ryan Commerson<\/strong>, a filmmaker from the United States. In his film <em>Beyond Inclusion<\/em> (2016), he talked about Deaf culture. He wanted to show that it is not only about <strong>hearing or not hearing<\/strong>. It is about <strong>identity<\/strong> and <strong>culture<\/strong>.<\/p>\n\n\n\n<p>This idea is also called <strong>Deafhood<\/strong>. It means being proud of Deaf identity, language, and culture.<\/p>\n\n\n\n<p>Many people feel that words like \u201cdeaf\u201d or \u201chearing impaired\u201d are not always correct. These words often focus only on the <strong>lack of hearing<\/strong>. They do not show culture or community. <strong>Sumain<\/strong> is different. It focuses on <strong>community and culture<\/strong>, not on hearing ability.<\/p>\n\n\n\n<p>&nbsp;<\/p>\n\n\n\n<h2 class=\"wp-block-heading\">Sumain in Germany and Europe<\/h2>\n\n\n\n<p>In Germany and other European countries, not many people know the word yet. Some activists already use it. For example, <strong>Pascal Smith<\/strong> from La R\u00e9union. He gives presentations about Sumain and is part of the group <em>Sumain R\u00e9nyon\u00e9<\/em>.<\/p>\n\n\n\n<p>There are discussions: Should Sumain replace the word <strong>Sourd<\/strong> (culturally Deaf)? Or should it <strong>add<\/strong> to existing words?<br>Right now, the word is still not common in Germany. But it is slowly becoming more known, especially among <strong>activists<\/strong> and <strong>artists<\/strong>.<\/p>\n\n\n\n<p>&nbsp;<\/p>\n\n\n\n<h2 class=\"wp-block-heading\">Why is Sumain important?<\/h2>\n\n\n\n<p>Sumain shows that Deaf people are <strong>a cultural group<\/strong>. They have their own language, traditions, and community.<\/p>\n\n\n\n<p>The word helps to:<\/p>\n\n\n\n<ul class=\"wp-block-list\">\n<li>Show <strong>pride in Deaf culture<\/strong><\/li>\n\n\n\n<li>Support <strong>petitions<\/strong> and <strong>social media campaigns<\/strong><\/li>\n\n\n\n<li>Avoid misunderstandings<\/li>\n<\/ul>\n\n\n\n<p>People are not only defined by hearing.<\/p>\n\n\n\n<p>Many Deaf people and Sumain use the word on <strong>social media<\/strong>, for example on Instagram. One example is the artist <strong>@zoejux<\/strong>, who writes about Sumain. This helps the word spread.<\/p>\n\n\n\n<p>&nbsp;<\/p>\n\n\n\n<h2 class=\"wp-block-heading\">Sumain for education and social media<\/h2>\n\n\n\n<p>When you talk about <strong>Deaf culture<\/strong>, Sumain can help:<\/p>\n\n\n\n<ul class=\"wp-block-list\">\n<li>It explains <strong>community and culture<\/strong><\/li>\n\n\n\n<li>It shows that <strong>sign language is central<\/strong><\/li>\n\n\n\n<li>It is a <strong>positive word<\/strong> that builds confidence<\/li>\n<\/ul>\n\n\n\n<p>You can use Sumain in:<\/p>\n\n\n\n<ul class=\"wp-block-list\">\n<li>Schools<\/li>\n\n\n\n<li>Associations and organizations<\/li>\n\n\n\n<li>Social media<\/li>\n<\/ul>\n\n\n\n<p>It is a useful word when talking about <strong>inclusion<\/strong>, <strong>language<\/strong>, and <strong>culture<\/strong>.<\/p>\n\n\n\n<p>&nbsp;<\/p>\n\n\n\n<h2 class=\"wp-block-heading\">Summary<\/h2>\n\n\n\n<ul class=\"wp-block-list\">\n<li><strong>Sumain<\/strong> = \u201cyour hand\u201d, but in Deaf culture it means: people who use sign language and share a cultural identity<\/li>\n\n\n\n<li>Created by <strong>Ryan Commerson<\/strong> (<em>Beyond Inclusion<\/em>, 2016)<\/li>\n\n\n\n<li>Focus on <strong>Deafhood<\/strong>: pride in language and culture<\/li>\n\n\n\n<li>Still not common in Germany, but used by activists like <strong>Pascal Smith<\/strong><\/li>\n\n\n\n<li>Helpful for <strong>advocacy<\/strong>, <strong>education<\/strong>, and <strong>social media<\/strong><\/li>\n\n\n\n<li>Strengthens <strong>self-confidence<\/strong> of sign language users<\/li>\n<\/ul>\n\n\n\n<p><strong>Conclusion:<\/strong><br>Sumain is more than a word. It is a symbol of <strong>language, culture, and community<\/strong> in Deaf culture.<\/p>\n\n\n\n<p><a href=\"https:\/\/www.instagram.com\/sumain_deutschland\/\" target=\"_blank\" data-type=\"link\" data-id=\"https:\/\/www.instagram.com\/sumain_deutschland\/\" rel=\"noreferrer noopener\">More information with Sign Language<\/a><\/p>\n\n\n\n<p><a href=\"https:\/\/sumain.co\" target=\"_blank\" data-type=\"link\" data-id=\"sumain.co\" rel=\"noreferrer noopener\"><strong>More about Sumain<\/strong><\/a><\/p>\n\n\n\n<p><\/p>\n","protected":false},"excerpt":{"rendered":"<p>Sumain is a new word. It comes from two languages: Together, it means \u201cyour hand\u201d. But in Deaf culture, Sumain means much&hellip;<\/p>\n","protected":false},"author":1,"featured_media":13405,"comment_status":"closed","ping_status":"open","sticky":false,"template":"","format":"standard","meta":{"_lmt_disableupdate":"","_lmt_disable":"","_price":"","_stock":"","_tribe_ticket_header":"","_tribe_default_ticket_provider":"","_tribe_ticket_capacity":"0","_ticket_start_date":"","_ticket_end_date":"","_tribe_ticket_show_description":"","_tribe_ticket_show_not_going":false,"_tribe_ticket_use_global_stock":"","_tribe_ticket_global_stock_level":"","_global_stock_mode":"","_global_stock_cap":"","_tribe_rsvp_for_event":"","_tribe_ticket_going_count":"","_tribe_ticket_not_going_count":"","_tribe_tickets_list":"[]","_tribe_ticket_has_attendee_info_fields":false,"_EventAllDay":false,"_EventTimezone":"","_EventStartDate":"","_EventEndDate":"","_EventStartDateUTC":"","_EventEndDateUTC":"","_EventShowMap":false,"_EventShowMapLink":false,"_EventURL":"","_EventCost":"","_EventCostDescription":"","_EventCurrencySymbol":"","_EventCurrencyCode":"","_EventCurrencyPosition":"","_EventDateTimeSeparator":"","_EventTimeRangeSeparator":"","_EventOrganizerID":[],"_EventVenueID":[],"_OrganizerEmail":"","_OrganizerPhone":"","_OrganizerWebsite":"","_VenueAddress":"","_VenueCity":"","_VenueCountry":"","_VenueProvince":"","_VenueState":"","_VenueZip":"","_VenuePhone":"","_VenueURL":"","_VenueStateProvince":"","_VenueLat":"","_VenueLng":"","_VenueShowMap":false,"_VenueShowMapLink":false,"footnotes":""},"categories":[238],"tags":[],"class_list":["post-13410","post","type-post","status-publish","format-standard","has-post-thumbnail","hentry","category-sign-language"],"_links":{"self":[{"href":"https:\/\/deaf24.com\/en\/wp-json\/wp\/v2\/posts\/13410","targetHints":{"allow":["GET"]}}],"collection":[{"href":"https:\/\/deaf24.com\/en\/wp-json\/wp\/v2\/posts"}],"about":[{"href":"https:\/\/deaf24.com\/en\/wp-json\/wp\/v2\/types\/post"}],"author":[{"embeddable":true,"href":"https:\/\/deaf24.com\/en\/wp-json\/wp\/v2\/users\/1"}],"replies":[{"embeddable":true,"href":"https:\/\/deaf24.com\/en\/wp-json\/wp\/v2\/comments?post=13410"}],"version-history":[{"count":2,"href":"https:\/\/deaf24.com\/en\/wp-json\/wp\/v2\/posts\/13410\/revisions"}],"predecessor-version":[{"id":13419,"href":"https:\/\/deaf24.com\/en\/wp-json\/wp\/v2\/posts\/13410\/revisions\/13419"}],"wp:featuredmedia":[{"embeddable":true,"href":"https:\/\/deaf24.com\/en\/wp-json\/wp\/v2\/media\/13405"}],"wp:attachment":[{"href":"https:\/\/deaf24.com\/en\/wp-json\/wp\/v2\/media?parent=13410"}],"wp:term":[{"taxonomy":"category","embeddable":true,"href":"https:\/\/deaf24.com\/en\/wp-json\/wp\/v2\/categories?post=13410"},{"taxonomy":"post_tag","embeddable":true,"href":"https:\/\/deaf24.com\/en\/wp-json\/wp\/v2\/tags?post=13410"}],"curies":[{"name":"wp","href":"https:\/\/api.w.org\/{rel}","templated":true}]}}