{"id":13396,"date":"2026-03-29T11:17:45","date_gmt":"2026-03-29T09:17:45","guid":{"rendered":"https:\/\/deaf24.com\/gemeinsam-zukunft-gestalten-balkan-union-of-the-deaf\/"},"modified":"2026-03-29T11:52:47","modified_gmt":"2026-03-29T09:52:47","slug":"gemeinsam-zukunft-gestalten-balkan-union-of-the-deaf","status":"publish","type":"post","link":"https:\/\/deaf24.com\/en\/gemeinsam-zukunft-gestalten-balkan-union-of-the-deaf\/","title":{"rendered":"Gemeinsam Zukunft gestalten: Balkan Union of the Deaf"},"content":{"rendered":"\n<p>Zwei engagierte Personen arbeiten an einer neuen Idee:<br>Steffen Helbing und Florjan.<\/p>\n\n\n\n<p>Sie wollen eine starke Gemeinschaft f\u00fcr taube Menschen im Balkan aufbauen.<br>Diese Gemeinschaft soll hei\u00dfen: <strong>Balkan Union of the Deaf<\/strong>.<\/p>\n\n\n\n<p>Das Ziel ist klar:<br>Taube Menschen sollen besser zusammenarbeiten \u2013 auch \u00fcber L\u00e4ndergrenzen hinweg.<\/p>\n\n\n\n<!--more-->\n\n\n\n<p>&nbsp;<\/p>\n\n\n\n<figure class=\"wp-block-video\"><video height=\"1280\" style=\"aspect-ratio: 720 \/ 1280;\" width=\"720\" controls src=\"https:\/\/deaf24.com\/wp-content\/uploads\/2026\/03\/gemeinsame_zukunft.mp4\"><\/video><\/figure>\n\n\n\n<p>&nbsp;<\/p>\n\n\n\n<p>Zwei engagierte Personen arbeiten an einer neuen Idee:<br>Steffen Helbing und Florjan.<\/p>\n\n\n\n<p>Sie m\u00f6chten eine starke Organisation f\u00fcr taube Menschen im Balkan aufbauen.<br>Diese Organisation soll hei\u00dfen: <strong>Balkan Union of the Deaf<\/strong>.<\/p>\n\n\n\n<p>Das Ziel ist:<br>Taube Menschen sollen sich besser vernetzen.<br>Sie sollen zusammenarbeiten \u2013 auch \u00fcber L\u00e4ndergrenzen hinweg.<\/p>\n\n\n\n<p>&nbsp;<\/p>\n\n\n\n<h2 class=\"wp-block-heading\"><strong>Warum ist dieses Projekt wichtig?<\/strong><\/h2>\n\n\n\n<p>Viele taube Menschen erleben im Alltag gro\u00dfe Probleme.<\/p>\n\n\n\n<p>Zum Beispiel:<\/p>\n\n\n\n<ul class=\"wp-block-list\">\n<li>Kein Dolmetscher bei Arzt oder Beh\u00f6rde<\/li>\n\n\n\n<li>Unterricht ohne Geb\u00e4rdensprache<\/li>\n\n\n\n<li>Informationen sind schwer verst\u00e4ndlich<\/li>\n\n\n\n<li>Wenig Unterst\u00fctzung vom Staat<\/li>\n<\/ul>\n\n\n\n<p>Das f\u00fchrt zu Nachteilen.<\/p>\n\n\n\n<p>Viele f\u00fchlen sich ausgeschlossen.<\/p>\n\n\n\n<p>Deshalb ist eine starke Gemeinschaft wichtig.<\/p>\n\n\n\n<p>Gemeinsam k\u00f6nnen taube Menschen:<\/p>\n\n\n\n<ul class=\"wp-block-list\">\n<li>ihre Rechte besser einfordern<\/li>\n\n\n\n<li>sich gegenseitig unterst\u00fctzen<\/li>\n\n\n\n<li>voneinander lernen<\/li>\n\n\n\n<li>mehr sichtbar werden<\/li>\n<\/ul>\n\n\n\n<p>&nbsp;<\/p>\n\n\n\n<h2 class=\"wp-block-heading\"><strong>Was ist das Ziel der Balkan Union?<\/strong><\/h2>\n\n\n\n<p>Die Balkan Union soll eine gemeinsame Stimme sein.<\/p>\n\n\n\n<p>Sie soll auch mit Europa zusammenarbeiten.<br>Zum Beispiel mit der<br>European Union of the Deaf.<\/p>\n\n\n\n<p>Langfristig soll die Organisation:<\/p>\n\n\n\n<ul class=\"wp-block-list\">\n<li>offiziell anerkannt werden<\/li>\n\n\n\n<li>politisch mitreden k\u00f6nnen<\/li>\n\n\n\n<li>Projekte auf europ\u00e4ischer Ebene durchf\u00fchren<\/li>\n<\/ul>\n\n\n\n<p>Das bedeutet mehr Einfluss und mehr Rechte.<\/p>\n\n\n\n<p>&nbsp;<\/p>\n\n\n\n<h2 class=\"wp-block-heading\"><strong>Geb\u00e4rdensprache ist eine Muttersprache<\/strong><\/h2>\n\n\n\n<p>Ein sehr wichtiger Punkt ist die Geb\u00e4rdensprache.<\/p>\n\n\n\n<p>Die Forderung ist klar:<\/p>\n\n\n\n<p>Geb\u00e4rdensprache muss als Muttersprache anerkannt werden.<\/p>\n\n\n\n<p>Warum?<\/p>\n\n\n\n<p>Viele taube Menschen lernen Geb\u00e4rdensprache zuerst.<br>Sie ist ihre nat\u00fcrliche Sprache.<\/p>\n\n\n\n<p>Geb\u00e4rdensprache bedeutet:<\/p>\n\n\n\n<ul class=\"wp-block-list\">\n<li>Kommunikation<\/li>\n\n\n\n<li>Identit\u00e4t<\/li>\n\n\n\n<li>Kultur<\/li>\n\n\n\n<li>Gemeinschaft<\/li>\n<\/ul>\n\n\n\n<p>Sie ist keine \u201eHilfe\u201c, sondern eine echte Sprache.<\/p>\n\n\n\n<p>Diese Rechte stehen auch in der<br>UN-Behindertenrechtskonvention.<\/p>\n\n\n\n<p>Dort steht:<\/p>\n\n\n\n<ul class=\"wp-block-list\">\n<li>Geb\u00e4rdensprache muss gesch\u00fctzt werden<\/li>\n\n\n\n<li>Menschen m\u00fcssen Zugang haben<\/li>\n\n\n\n<li>Teilhabe ist ein Recht<\/li>\n<\/ul>\n\n\n\n<p>&nbsp;<\/p>\n\n\n\n<h2 class=\"wp-block-heading\"><strong>Wie soll die Organisation aufgebaut sein?<\/strong><\/h2>\n\n\n\n<p>Die Balkan Union braucht klare Regeln.<\/p>\n\n\n\n<p>Diese Regeln nennt man <strong>Satzung<\/strong>.<\/p>\n\n\n\n<p>Eine gute Satzung sorgt f\u00fcr:<\/p>\n\n\n\n<ul class=\"wp-block-list\">\n<li>klare Aufgaben<\/li>\n\n\n\n<li>faire Entscheidungen<\/li>\n\n\n\n<li>Transparenz<\/li>\n\n\n\n<li>Mitbestimmung<\/li>\n<\/ul>\n\n\n\n<p>Wichtige Inhalte sind:<\/p>\n\n\n\n<ul class=\"wp-block-list\">\n<li>Rechte der Mitglieder<\/li>\n\n\n\n<li>Pflichten der Organisation<\/li>\n\n\n\n<li>demokratische Strukturen<\/li>\n\n\n\n<li>Zusammenarbeit zwischen L\u00e4ndern<\/li>\n<\/ul>\n\n\n\n<p>&nbsp;<\/p>\n\n\n\n<h2 class=\"wp-block-heading\"><strong>Gibt es schon Organisationen?<\/strong><\/h2>\n\n\n\n<p>Ja, es gibt bereits nationale Verb\u00e4nde.<\/p>\n\n\n\n<p>Zum Beispiel:<\/p>\n\n\n\n<ul class=\"wp-block-list\">\n<li>Serbien<\/li>\n\n\n\n<li>Bulgarien<\/li>\n\n\n\n<li>andere Balkanl\u00e4nder<\/li>\n<\/ul>\n\n\n\n<p>Diese Verb\u00e4nde haben Erfahrung.<\/p>\n\n\n\n<p>Aber:<\/p>\n\n\n\n<p>Es gibt noch keine gemeinsame Dachorganisation.<\/p>\n\n\n\n<p>Das ist die L\u00fccke, die jetzt geschlossen werden soll.<\/p>\n\n\n\n<p>&nbsp;<\/p>\n\n\n\n<h2 class=\"wp-block-heading\"><strong>Was passiert aktuell?<\/strong><\/h2>\n\n\n\n<p>Das Projekt l\u00e4uft bereits.<\/p>\n\n\n\n<p>Es gab Treffen in<br>Belgrade.<\/p>\n\n\n\n<p>Dort wurde \u00fcber wichtige Themen gesprochen:<\/p>\n\n\n\n<ul class=\"wp-block-list\">\n<li>Ziele der Organisation<\/li>\n\n\n\n<li>Zusammenarbeit<\/li>\n\n\n\n<li>Aufbau der Struktur<\/li>\n\n\n\n<li>Kontakt zu Partnern<\/li>\n<\/ul>\n\n\n\n<p>Weitere Schritte sind:<\/p>\n\n\n\n<ul class=\"wp-block-list\">\n<li>neue Mitglieder gewinnen<\/li>\n\n\n\n<li>Satzung entwickeln<\/li>\n\n\n\n<li>Finanzierung kl\u00e4ren<\/li>\n<\/ul>\n\n\n\n<p>&nbsp;<\/p>\n\n\n\n<h2 class=\"wp-block-heading\"><strong>Welche Vorteile bringt die Balkan Union?<\/strong><\/h2>\n\n\n\n<p>Die Vorteile sind gro\u00df:<\/p>\n\n\n\n<h3 class=\"wp-block-heading\"><strong>Mehr Rechte<\/strong><\/h3>\n\n\n\n<p>Taube Menschen k\u00f6nnen sich besser wehren.<\/p>\n\n\n\n<h3 class=\"wp-block-heading\"><strong>Bessere Bildung<\/strong><\/h3>\n\n\n\n<p>Mehr Unterricht in Geb\u00e4rdensprache wird m\u00f6glich.<\/p>\n\n\n\n<h3 class=\"wp-block-heading\"><strong>Mehr Dolmetscher<\/strong><\/h3>\n\n\n\n<p>Unterst\u00fctzung im Alltag wird verbessert.<\/p>\n\n\n\n<h3 class=\"wp-block-heading\"><strong>St\u00e4rkere Gemeinschaft<\/strong><\/h3>\n\n\n\n<p>Menschen f\u00fchlen sich verbunden.<\/p>\n\n\n\n<h3 class=\"wp-block-heading\"><strong>Mehr Sichtbarkeit<\/strong><\/h3>\n\n\n\n<p>Politik und Gesellschaft nehmen taube Menschen ernster.<\/p>\n\n\n\n<p>&nbsp;<\/p>\n\n\n\n<h2 class=\"wp-block-heading\"><strong>Welche Werte sind wichtig?<\/strong><\/h2>\n\n\n\n<p>Die Organisation steht f\u00fcr:<\/p>\n\n\n\n<ul class=\"wp-block-list\">\n<li>Gleichberechtigung<\/li>\n\n\n\n<li>Respekt<\/li>\n\n\n\n<li>Zusammenarbeit<\/li>\n\n\n\n<li>Vielfalt<\/li>\n\n\n\n<li>Teilhabe<\/li>\n<\/ul>\n\n\n\n<p>Jeder Mensch ist wichtig.<\/p>\n\n\n\n<p>Niemand soll ausgeschlossen werden.<\/p>\n\n\n\n<p>&nbsp;<\/p>\n\n\n\n<h2 class=\"wp-block-heading\"><strong>Welche Herausforderungen gibt es?<\/strong><\/h2>\n\n\n\n<p>Das Projekt ist nicht einfach.<\/p>\n\n\n\n<p>Es gibt Probleme:<\/p>\n\n\n\n<ul class=\"wp-block-list\">\n<li>Viele verschiedene Sprachen<\/li>\n\n\n\n<li>Unterschiedliche Politik in den L\u00e4ndern<\/li>\n\n\n\n<li>Unterschiedliche Gesetze<\/li>\n\n\n\n<li>Wenig Geld<\/li>\n<\/ul>\n\n\n\n<p>Das bedeutet:<\/p>\n\n\n\n<p>Gute Planung ist sehr wichtig.<\/p>\n\n\n\n<p>Auch wichtig sind:<\/p>\n\n\n\n<ul class=\"wp-block-list\">\n<li>Geduld<\/li>\n\n\n\n<li>Vertrauen<\/li>\n\n\n\n<li>klare Kommunikation<\/li>\n<\/ul>\n\n\n\n<p>&nbsp;<\/p>\n\n\n\n<h2 class=\"wp-block-heading\"><strong>Warum ist jetzt der richtige Zeitpunkt?<\/strong><\/h2>\n\n\n\n<p>In Europa passiert viel.<\/p>\n\n\n\n<p>Geb\u00e4rdensprache wird immer wichtiger.<\/p>\n\n\n\n<p>Zum Beispiel:<\/p>\n\n\n\n<ul class=\"wp-block-list\">\n<li>Austria<\/li>\n\n\n\n<li>Iceland<\/li>\n<\/ul>\n\n\n\n<p>Auch in Germany gibt es Diskussionen.<\/p>\n\n\n\n<p>Das ist eine Chance.<\/p>\n\n\n\n<p>&nbsp;<\/p>\n\n\n\n<h2 class=\"wp-block-heading\"><strong>Fazit<\/strong><\/h2>\n\n\n\n<p>Die Balkan Union of the Deaf ist eine gro\u00dfe Chance.<\/p>\n\n\n\n<p>Sie kann:<\/p>\n\n\n\n<ul class=\"wp-block-list\">\n<li>Menschen verbinden<\/li>\n\n\n\n<li>Rechte st\u00e4rken<\/li>\n\n\n\n<li>Zukunft verbessern<\/li>\n<\/ul>\n\n\n\n<p>Das Projekt zeigt:<\/p>\n\n\n\n<p>Gemeinsam ist man st\u00e4rker.<\/p>\n\n\n\n<p>Die Zukunft beginnt jetzt.<\/p>\n\n\n\n<p class=\"has-small-font-size\">Video und Bild: Steffen Helbing<\/p>\n","protected":false},"excerpt":{"rendered":"<p>Zwei engagierte Personen arbeiten an einer neuen Idee:Steffen Helbing und Florjan. Sie wollen eine starke Gemeinschaft f\u00fcr taube Menschen im Balkan aufbauen.Diese&hellip;<\/p>\n","protected":false},"author":1,"featured_media":13390,"comment_status":"closed","ping_status":"open","sticky":false,"template":"","format":"standard","meta":{"_lmt_disableupdate":"","_lmt_disable":"","_price":"","_stock":"","_tribe_ticket_header":"","_tribe_default_ticket_provider":"","_tribe_ticket_capacity":"0","_ticket_start_date":"","_ticket_end_date":"","_tribe_ticket_show_description":"","_tribe_ticket_show_not_going":false,"_tribe_ticket_use_global_stock":"","_tribe_ticket_global_stock_level":"","_global_stock_mode":"","_global_stock_cap":"","_tribe_rsvp_for_event":"","_tribe_ticket_going_count":"","_tribe_ticket_not_going_count":"","_tribe_tickets_list":"[]","_tribe_ticket_has_attendee_info_fields":false,"_EventAllDay":false,"_EventTimezone":"","_EventStartDate":"","_EventEndDate":"","_EventStartDateUTC":"","_EventEndDateUTC":"","_EventShowMap":false,"_EventShowMapLink":false,"_EventURL":"","_EventCost":"","_EventCostDescription":"","_EventCurrencySymbol":"","_EventCurrencyCode":"","_EventCurrencyPosition":"","_EventDateTimeSeparator":"","_EventTimeRangeSeparator":"","_EventOrganizerID":[],"_EventVenueID":[],"_OrganizerEmail":"","_OrganizerPhone":"","_OrganizerWebsite":"","_VenueAddress":"","_VenueCity":"","_VenueCountry":"","_VenueProvince":"","_VenueState":"","_VenueZip":"","_VenuePhone":"","_VenueURL":"","_VenueStateProvince":"","_VenueLat":"","_VenueLng":"","_VenueShowMap":false,"_VenueShowMapLink":false,"footnotes":""},"categories":[200],"tags":[],"class_list":["post-13396","post","type-post","status-publish","format-standard","has-post-thumbnail","hentry","category-politics"],"_links":{"self":[{"href":"https:\/\/deaf24.com\/en\/wp-json\/wp\/v2\/posts\/13396","targetHints":{"allow":["GET"]}}],"collection":[{"href":"https:\/\/deaf24.com\/en\/wp-json\/wp\/v2\/posts"}],"about":[{"href":"https:\/\/deaf24.com\/en\/wp-json\/wp\/v2\/types\/post"}],"author":[{"embeddable":true,"href":"https:\/\/deaf24.com\/en\/wp-json\/wp\/v2\/users\/1"}],"replies":[{"embeddable":true,"href":"https:\/\/deaf24.com\/en\/wp-json\/wp\/v2\/comments?post=13396"}],"version-history":[{"count":0,"href":"https:\/\/deaf24.com\/en\/wp-json\/wp\/v2\/posts\/13396\/revisions"}],"wp:featuredmedia":[{"embeddable":true,"href":"https:\/\/deaf24.com\/en\/wp-json\/wp\/v2\/media\/13390"}],"wp:attachment":[{"href":"https:\/\/deaf24.com\/en\/wp-json\/wp\/v2\/media?parent=13396"}],"wp:term":[{"taxonomy":"category","embeddable":true,"href":"https:\/\/deaf24.com\/en\/wp-json\/wp\/v2\/categories?post=13396"},{"taxonomy":"post_tag","embeddable":true,"href":"https:\/\/deaf24.com\/en\/wp-json\/wp\/v2\/tags?post=13396"}],"curies":[{"name":"wp","href":"https:\/\/api.w.org\/{rel}","templated":true}]}}